{"id":8150,"date":"2020-05-16T22:50:51","date_gmt":"2020-05-16T19:50:51","guid":{"rendered":"https:\/\/www.pensiuneambient.ro\/?p=8150"},"modified":"2020-05-16T22:50:51","modified_gmt":"2020-05-16T19:50:51","slug":"ambient-hotel-collection-a-luat-toate-masurile-necesare-impotriva-covid-19","status":"publish","type":"post","link":"https:\/\/www.pensiuneambient.ro\/ro\/ambient-hotel-collection-a-luat-toate-masurile-necesare-impotriva-covid-19\/","title":{"rendered":"Ambient Hotel Collection a luat toate m\u0103surile necesare \u00eempotriva Covid-19"},"content":{"rendered":"<p>Dragi oaspe\u021bi,<\/p>\n<p>Ambient Hotel Collection a luat toate m\u0103surile necesare \u00eempotriva Covid-19 a luat toate m\u0103surile necesare pentru a garanta s\u0103n\u0103tatea \u0219i bun\u0103starea oaspe\u021bilor \u0219i angaja\u021bilor s\u0103i. Pentru aceasta, ne men\u021binem la curent cu evolu\u021bia pandemiei Covid-19 la nivel global \u0219i realiz\u0103m toate eforturile pentru a asigura siguran\u021ba oaspe\u021bilor no\u0219tri pe durata \u0219ederii \u00een unit\u0103\u021bile noastre.<\/p>\n<p>Astfel v\u0103 rugam s\u0103:<\/p>\n<ul>\n<li>Purta\u021bi masc\u0103 \u00een spatiile publice \u00eenchise<\/li>\n<li>Folosi\u021bi cu \u00eencredere dispenserele cu dezinfectant<\/li>\n<li>Folosi\u021bi m\u0103nu\u0219i de unic\u0103 folosin\u021b\u0103 acolo unde este necesar<\/li>\n<li>Respecta\u021bi distan\u021ba social\u0103<\/li>\n<li>Nu accesa\u021bi liftul mai mult de 2 persoane<\/li>\n<li>Solicita\u021bi ajutorul personalului din recep\u021bie \u00een cazul \u00een care prezenta\u021bi st\u0103ri febrile sau tuse<\/li>\n<\/ul>\n<p>Noi v\u0103 asiguram c\u0103:<\/p>\n<ul>\n<li>Vom dezinfecta spatiile publice , punctele de contact cele mai frecvent uzitate precum \u0219i cartelele\/cheile de acces \u00een camere<\/li>\n<li>Ne vom asigura \u00een permanen\u021b\u0103 c\u0103 spatiile sunt aerisite \u0219i dezinfectate cu solu\u021bii agrementate<\/li>\n<li>Personalul nostru va purta masc\u0103 \u0219i m\u0103nu\u0219i \u00een contactul direct cu oaspetele<\/li>\n<li>Personalului nostru \u00eei va fi controlat\u0103 temperatura at\u00e2t la intrarea \u00een tur\u0103 c\u00e2t \u0219i la ie\u0219ire<\/li>\n<li>Prosoapele \u0219i lenjeria sunt sp\u0103late la o temperatur\u0103 de peste 70 celsius \u0219i dezinfectate<\/li>\n<li>Grupurile sanitare vor fi dezinfectate conform normelor \u00een vigoare<\/li>\n<li>Mesele se vor servi conform legisla\u021biei \u00een vigoare<\/li>\n<\/ul>\n<p>Numai \u00eempreun\u0103, respect\u00e2nd spa\u021biul personal al fiec\u0103rui oaspete, putem trece peste aceast\u0103 dificultate \u0219i ne vom bucura din nou de vacantele noastre de neuitat.<\/p>","protected":false},"excerpt":{"rendered":"<p>Dragi oaspe\u021bi, Ambient Hotel Collection a luat toate m\u0103surile necesare \u00eempotriva Covid-19 a luat toate m\u0103surile necesare pentru a garanta [&hellip;]<\/p>\n","protected":false},"author":2,"featured_media":8151,"comment_status":"closed","ping_status":"open","sticky":false,"template":"","format":"standard","meta":{"footnotes":""},"categories":[3,66],"tags":[108,106,105,104,107],"yst_prominent_words":[],"class_list":["post-8150","post","type-post","status-publish","format-standard","has-post-thumbnail","hentry","category-news","category-pensiunea-ambient","tag-camere-hotel-dezinfectate","tag-hotel-dezinfectat","tag-masuri-covid-19-pensiunea-ambient","tag-siguranta-hoteluri-covid-19","tag-vacante-in-siguranta-covid-19"],"yoast_head":"<!-- This site is optimized with the Yoast SEO Premium plugin v14.0.2 - https:\/\/yoast.com\/wordpress\/plugins\/seo\/ -->\n<title>Ambient Hotel Collection a luat toate m\u0103surile necesare \u00eempotriva Covid-19 - Ambient Pensiune https:\/\/www.pensiuneambient.ro\/en\/ne - Bra\u0219ov - Rezerv\u0103 la cel mai bun pre\u021b pentru propriet\u0103\u0163ile Ambient<\/title>\n<meta name=\"robots\" content=\"index, follow\" \/>\n<meta name=\"googlebot\" content=\"index, follow, max-snippet:-1, max-image-preview:large, max-video-preview:-1\" \/>\n<meta name=\"bingbot\" content=\"index, follow, max-snippet:-1, max-image-preview:large, max-video-preview:-1\" \/>\n<link rel=\"canonical\" href=\"https:\/\/www.pensiuneambient.ro\/ro\/ambient-hotel-collection-a-luat-toate-masurile-necesare-impotriva-covid-19\/\" \/>\n<meta property=\"og:locale\" content=\"ro_RO\" \/>\n<meta property=\"og:type\" content=\"article\" \/>\n<meta property=\"og:title\" content=\"[:ro]Ambient Hotel Collection a luat toate m\u0103surile necesare \u00eempotriva Covid-19[:en]Ambient Hotel Collection has taken all measures against Covid-19[:es]Ambient Hotel Collection has taken all measures against Covid-19[:de]Ambient Hotel Collection has taken all measures against Covid-19[:] - Ambient Pensiune https:\/\/www.pensiuneambient.ro\/en\/ne - Bra\u0219ov - Rezerv\u0103 la cel mai bun pre\u021b pentru propriet\u0103\u0163ile Ambient\" \/>\n<meta property=\"og:description\" content=\"Dragi oaspe\u021bi, Ambient Hotel Collection a luat toate m\u0103surile necesare \u00eempotriva Covid-19 a luat toate m\u0103surile necesare pentru a garanta [&hellip;]\" \/>\n<meta property=\"og:url\" content=\"https:\/\/www.pensiuneambient.ro\/ro\/ambient-hotel-collection-a-luat-toate-masurile-necesare-impotriva-covid-19\/\" \/>\n<meta property=\"og:site_name\" content=\"Ambient Pensiune https:\/\/www.pensiuneambient.ro\/en\/ne - Bra\u0219ov - Rezerv\u0103 la cel mai bun pre\u021b pentru propriet\u0103\u0163ile Ambient\" \/>\n<meta property=\"article:published_time\" content=\"2020-05-16T19:50:51+00:00\" \/>\n<meta property=\"og:image\" content=\"https:\/\/www.pensiuneambient.ro\/wp-content\/uploads\/2020\/05\/safe-hotel-ambient-hotel-collection.jpg\" \/>\n\t<meta property=\"og:image:width\" content=\"644\" \/>\n\t<meta property=\"og:image:height\" content=\"416\" \/>\n<meta name=\"twitter:card\" content=\"summary_large_image\" \/>\n<script type=\"application\/ld+json\" class=\"yoast-schema-graph\">{\"@context\":\"https:\/\/schema.org\",\"@graph\":[{\"@type\":\"WebSite\",\"@id\":\"https:\/\/www.pensiuneambient.ro\/ro\/#website\",\"url\":\"https:\/\/www.pensiuneambient.ro\/ro\/\",\"name\":\"Ambient Pensiune https:\/\/www.pensiuneambient.ro\/en\/ne - Bra\\u0219ov - Rezerv\\u0103 la cel mai bun pre\\u021b pentru propriet\\u0103\\u0163ile Ambient\",\"description\":\"Site-ul oficial\",\"potentialAction\":[{\"@type\":\"SearchAction\",\"target\":\"https:\/\/www.pensiuneambient.ro\/ro\/?s={search_term_string}\",\"query-input\":\"required name=search_term_string\"}],\"inLanguage\":\"ro-RO\"},{\"@type\":\"ImageObject\",\"@id\":\"https:\/\/www.pensiuneambient.ro\/ro\/ambient-hotel-collection-a-luat-toate-masurile-necesare-impotriva-covid-19\/#primaryimage\",\"inLanguage\":\"ro-RO\",\"url\":\"https:\/\/www.pensiuneambient.ro\/wp-content\/uploads\/2020\/05\/safe-hotel-ambient-hotel-collection.jpg\",\"width\":644,\"height\":416},{\"@type\":\"WebPage\",\"@id\":\"https:\/\/www.pensiuneambient.ro\/ro\/ambient-hotel-collection-a-luat-toate-masurile-necesare-impotriva-covid-19\/#webpage\",\"url\":\"https:\/\/www.pensiuneambient.ro\/ro\/ambient-hotel-collection-a-luat-toate-masurile-necesare-impotriva-covid-19\/\",\"name\":\"[:ro]Ambient Hotel Collection a luat toate m\\u0103surile necesare \\u00eempotriva Covid-19[:en]Ambient Hotel Collection has taken all measures against Covid-19[:es]Ambient Hotel Collection has taken all measures against Covid-19[:de]Ambient Hotel Collection has taken all measures against Covid-19[:] - Ambient Pensiune https:\/\/www.pensiuneambient.ro\/en\/ne - Bra\\u0219ov - Rezerv\\u0103 la cel mai bun pre\\u021b pentru propriet\\u0103\\u0163ile Ambient\",\"isPartOf\":{\"@id\":\"https:\/\/www.pensiuneambient.ro\/ro\/#website\"},\"primaryImageOfPage\":{\"@id\":\"https:\/\/www.pensiuneambient.ro\/ro\/ambient-hotel-collection-a-luat-toate-masurile-necesare-impotriva-covid-19\/#primaryimage\"},\"datePublished\":\"2020-05-16T19:50:51+00:00\",\"dateModified\":\"2020-05-16T19:50:51+00:00\",\"author\":{\"@id\":\"https:\/\/www.pensiuneambient.ro\/ro\/#\/schema\/person\/1e0219cf4692911c050532257874b687\"},\"inLanguage\":\"ro-RO\",\"potentialAction\":[{\"@type\":\"ReadAction\",\"target\":[\"https:\/\/www.pensiuneambient.ro\/ro\/ambient-hotel-collection-a-luat-toate-masurile-necesare-impotriva-covid-19\/\"]}]},{\"@type\":[\"Person\"],\"@id\":\"https:\/\/www.pensiuneambient.ro\/ro\/#\/schema\/person\/1e0219cf4692911c050532257874b687\",\"name\":\"HotelsPerformanceHPd\"}]}<\/script>\n<!-- \/ Yoast SEO Premium plugin. -->","_links":{"self":[{"href":"https:\/\/www.pensiuneambient.ro\/ro\/wp-json\/wp\/v2\/posts\/8150","targetHints":{"allow":["GET"]}}],"collection":[{"href":"https:\/\/www.pensiuneambient.ro\/ro\/wp-json\/wp\/v2\/posts"}],"about":[{"href":"https:\/\/www.pensiuneambient.ro\/ro\/wp-json\/wp\/v2\/types\/post"}],"author":[{"embeddable":true,"href":"https:\/\/www.pensiuneambient.ro\/ro\/wp-json\/wp\/v2\/users\/2"}],"replies":[{"embeddable":true,"href":"https:\/\/www.pensiuneambient.ro\/ro\/wp-json\/wp\/v2\/comments?post=8150"}],"version-history":[{"count":1,"href":"https:\/\/www.pensiuneambient.ro\/ro\/wp-json\/wp\/v2\/posts\/8150\/revisions"}],"predecessor-version":[{"id":8152,"href":"https:\/\/www.pensiuneambient.ro\/ro\/wp-json\/wp\/v2\/posts\/8150\/revisions\/8152"}],"wp:featuredmedia":[{"embeddable":true,"href":"https:\/\/www.pensiuneambient.ro\/ro\/wp-json\/wp\/v2\/media\/8151"}],"wp:attachment":[{"href":"https:\/\/www.pensiuneambient.ro\/ro\/wp-json\/wp\/v2\/media?parent=8150"}],"wp:term":[{"taxonomy":"category","embeddable":true,"href":"https:\/\/www.pensiuneambient.ro\/ro\/wp-json\/wp\/v2\/categories?post=8150"},{"taxonomy":"post_tag","embeddable":true,"href":"https:\/\/www.pensiuneambient.ro\/ro\/wp-json\/wp\/v2\/tags?post=8150"},{"taxonomy":"yst_prominent_words","embeddable":true,"href":"https:\/\/www.pensiuneambient.ro\/ro\/wp-json\/wp\/v2\/yst_prominent_words?post=8150"}],"curies":[{"name":"wp","href":"https:\/\/api.w.org\/{rel}","templated":true}]}}