{"id":7999,"date":"2018-09-28T01:06:54","date_gmt":"2018-09-27T22:06:54","guid":{"rendered":"https:\/\/www.pensiuneambient.ro\/?p=7999"},"modified":"2018-09-28T01:06:54","modified_gmt":"2018-09-27T22:06:54","slug":"istoria-muresenilor","status":"publish","type":"post","link":"https:\/\/www.pensiuneambient.ro\/ro\/istoria-muresenilor\/","title":{"rendered":"Istoria Mure\u0219enilor"},"content":{"rendered":"<p><a href=\"http:\/\/infobrasov.net\/strada-muresenilor-un-petec-de-istorie-vie-din-brasov\/\" target=\"_blank\" rel=\"noopener\"><strong>Strada Mure\u015fenilor<\/strong><\/a>, a fost numit\u0103 la \u00eenceput strad\u0103 M\u0103n\u0103stirii, datorit\u0103 m\u0103n\u0103stirii dominicane situate pe latur\u0103 s\u0103 nordic\u0103. Ulterior a primit numele de strad\u0103 V\u0103mii, dup\u0103 sediul V\u0103mii care se afl\u0103 \u00een apropierea Bastionului por\u0163ii din cap\u0103tul str\u0103zii. \u00cen evul mediu, aceast\u0103 strad\u0103 constituia principala cale de acces \u00een ora\u015f pentru negustorii \u015fi c\u0103l\u0103torii veni\u0163i dinspre \u0162ara Romanesc\u0103 prin Bran.<\/p>\n<p>Urmare a emiterii de c\u0103tre \u00cemp\u0103ratul Iosif al II-lea a Edictului de tolerant\u0103 din 1771, por\u021bile Cet\u0103\u021bii sunt deschise pentru negustorii rom\u00e2ni din \u0218chei sau \u021a\u0103rile Rom\u00e2ne, dar \u0219i pentru greci, macedoneni, armeni sau evrei. Astfel, \u00een fundul unei cur\u021bi (str. Gh. Bari\u021biu nr. 12) a fost acceptat\u0103 construc\u021bia Bisericii Ortodoxe Sf\u00e2nt\u0103 Treime, sfin\u021bit\u0103 \u00een 1788, at\u00e2t pentru rom\u00e2ni, c\u00e2t \u0219i pentru greci, cu oficieri alternative. Este cunoscut\u0103 c\u0103 Biseric\u0103 greceasc\u0103. Abia \u00een 1896 este ridicat\u0103 biseric\u0103 Adormirea Maicii Domnului, apar\u021bin\u00e2nd doar rom\u00e2nilor ortodoc\u0219i din Cetate, tot f\u0103r\u0103 fa\u021bad\u0103 la strad\u0103. Ini\u021bial, pe locul ei a func\u021bionat o capela mic\u0103. Planul bisericii aminte\u0219te mai cur\u00e2nd de biseric\u0103 de tip sal\u0103 specific\u0103 stilului baroc, dup\u0103 de planul triconc ori treflat al bisericilor ortodoxe.<\/p>\n<p>\u00cen anul 1934 se \u00eencepe, pe strad\u0103 15 Noiembrie, construc\u021bia bisericii ortodoxe \u201cBuna Vestire\u201d, \u00een stil bizantin. Iconostasul este lucrat \u00een lemn sculptat, provenind de la Biserica Sf. Nicolae din Schei, c\u0103reia \u00eei fusese dat de \u00cemp\u0103r\u0103teasa Rusiei Elisabeta Petrovna la 1751. Acesta a fost ref\u0103cut \u0219i dotat cu noi icoane \u00een anul 1952.<\/p>\n<p>Biserica Rom\u00e2no-Catolic\u0103 situat\u0103 pe strada Mure\u0219enilor, poart\u0103 hramul Sfin\u021bilor Arhangheli Mihail, Gabriel \u0219i Rafael. Edificiul de cult actual a fost ridicat \u00eentre anii 1776-1782. Anterior, pe acela\u0219i loc se afl\u0103 o capel\u0103 a m\u0103n\u0103stirii dominicane \u00eenc\u0103 din anul 1323, \u00een care se celebrau slujbe \u00een limb\u0103 maghiar\u0103. Biseric\u0103 rom\u00e2no- catolic\u0103 constituie cel mai important monument \u00een stil baroc din Cetatea Bra\u0219ovului.<\/p>\n<p>Familia Mure\u015fenilor este cunoscut\u0103 prin c\u0103rturarii \u015fi patrio\u0163ii s\u0103i, militan\u0163i pentru drepturile civice \u015fi politice ale rom\u00e2nilor din Transilvania, \u00een secolul al XIX-lea. Andrei Mure\u0219ianu (1816-1863), poetul Revolu\u0163iei de la 1848, a compus la Bra\u015fov versurile c\u00e2ntecului De\u015fteapt\u0103-te rom\u00e2ne, devenit din 1989 Imnul de Stat al Rom\u00e2niei.<\/p>\n<p>Datorit\u0103 pozi\u0163iei sale geografice \u015fi importan\u0163ei sale comericale, Bra\u015fovul era locul unde c\u0103l\u0103torii Evului Mediu g\u0103seau \u00een hanuri loc de odihn\u0103 \u015fi protec\u0163ie. Un recens\u0103m\u00e2nt din anul 1830 indic\u0103 un num\u0103r de nou\u0103 hanuri distribuite \u00een perimetrul ora\u015fului, care se ad\u0103ugau celor aflate \u00een afar\u0103 zidurilor cet\u0103\u0163ii, la rascrucile de drumuri comerciale din apropierea v\u0103milor de la Timi\u015f sau Bran.<\/p>\n<p>V\u0103 a\u0219tept\u0103m la Bra\u0219ov!<\/p>","protected":false},"excerpt":{"rendered":"<p>Strada Mure\u015fenilor, a fost numit\u0103 la \u00eenceput strad\u0103 M\u0103n\u0103stirii, datorit\u0103 m\u0103n\u0103stirii dominicane situate pe latur\u0103 s\u0103 nordic\u0103. Ulterior a primit [&hellip;]<\/p>\n","protected":false},"author":2,"featured_media":8000,"comment_status":"closed","ping_status":"open","sticky":false,"template":"","format":"standard","meta":{"footnotes":""},"categories":[55,66,91],"tags":[90,100],"yst_prominent_words":[],"class_list":["post-7999","post","type-post","status-publish","format-standard","has-post-thumbnail","hentry","category-brasov","category-pensiunea-ambient","category-romania","tag-cazare-brasov","tag-istoria-muresenilor"],"yoast_head":"<!-- This site is optimized with the Yoast SEO Premium plugin v14.0.2 - https:\/\/yoast.com\/wordpress\/plugins\/seo\/ -->\n<title>Istoria Mure\u0219enilor - Ambient Pensiune https:\/\/www.pensiuneambient.ro\/en\/ne - Bra\u0219ov - Rezerv\u0103 la cel mai bun pre\u021b pentru propriet\u0103\u0163ile Ambient<\/title>\n<meta name=\"robots\" content=\"index, follow\" \/>\n<meta name=\"googlebot\" content=\"index, follow, max-snippet:-1, max-image-preview:large, max-video-preview:-1\" \/>\n<meta name=\"bingbot\" content=\"index, follow, max-snippet:-1, max-image-preview:large, max-video-preview:-1\" \/>\n<link rel=\"canonical\" href=\"https:\/\/www.pensiuneambient.ro\/es\/istoria-muresenilor\/\" \/>\n<meta property=\"og:locale\" content=\"ro_RO\" \/>\n<meta property=\"og:type\" content=\"article\" \/>\n<meta property=\"og:title\" content=\"[:ro]Istoria Mure\u0219enilor[:en]Mure\u0219enilor History[:es]Mure\u0219enilor History[:de]Mure\u0219enilor History[:] - Ambient Pensiune https:\/\/www.pensiuneambient.ro\/en\/ne - Bra\u0219ov - Rezerv\u0103 la cel mai bun pre\u021b pentru propriet\u0103\u0163ile Ambient\" \/>\n<meta property=\"og:description\" content=\"Strada Mure\u015fenilor, a fost numit\u0103 la \u00eenceput strad\u0103 M\u0103n\u0103stirii, datorit\u0103 m\u0103n\u0103stirii dominicane situate pe latur\u0103 s\u0103 nordic\u0103. Ulterior a primit [&hellip;]\" \/>\n<meta property=\"og:url\" content=\"https:\/\/www.pensiuneambient.ro\/es\/istoria-muresenilor\/\" \/>\n<meta property=\"og:site_name\" content=\"Ambient Pensiune https:\/\/www.pensiuneambient.ro\/en\/ne - Bra\u0219ov - Rezerv\u0103 la cel mai bun pre\u021b pentru propriet\u0103\u0163ile Ambient\" \/>\n<meta property=\"article:published_time\" content=\"2018-09-27T22:06:54+00:00\" \/>\n<meta property=\"og:image\" content=\"https:\/\/www.pensiuneambient.ro\/wp-content\/uploads\/2018\/09\/istoria_muresenilor.jpg\" \/>\n\t<meta property=\"og:image:width\" content=\"644\" \/>\n\t<meta property=\"og:image:height\" content=\"416\" \/>\n<meta name=\"twitter:card\" content=\"summary_large_image\" \/>\n<script type=\"application\/ld+json\" class=\"yoast-schema-graph\">{\"@context\":\"https:\/\/schema.org\",\"@graph\":[{\"@type\":\"WebSite\",\"@id\":\"https:\/\/www.pensiuneambient.ro\/ro\/#website\",\"url\":\"https:\/\/www.pensiuneambient.ro\/ro\/\",\"name\":\"Ambient Pensiune https:\/\/www.pensiuneambient.ro\/en\/ne - Bra\\u0219ov - Rezerv\\u0103 la cel mai bun pre\\u021b pentru propriet\\u0103\\u0163ile Ambient\",\"description\":\"Site-ul oficial\",\"potentialAction\":[{\"@type\":\"SearchAction\",\"target\":\"https:\/\/www.pensiuneambient.ro\/ro\/?s={search_term_string}\",\"query-input\":\"required name=search_term_string\"}],\"inLanguage\":\"ro-RO\"},{\"@type\":\"ImageObject\",\"@id\":\"https:\/\/www.pensiuneambient.ro\/es\/istoria-muresenilor\/#primaryimage\",\"inLanguage\":\"ro-RO\",\"url\":\"https:\/\/www.pensiuneambient.ro\/wp-content\/uploads\/2018\/09\/istoria_muresenilor.jpg\",\"width\":644,\"height\":416},{\"@type\":\"WebPage\",\"@id\":\"https:\/\/www.pensiuneambient.ro\/es\/istoria-muresenilor\/#webpage\",\"url\":\"https:\/\/www.pensiuneambient.ro\/es\/istoria-muresenilor\/\",\"name\":\"[:ro]Istoria Mure\\u0219enilor[:en]Mure\\u0219enilor History[:es]Mure\\u0219enilor History[:de]Mure\\u0219enilor History[:] - Ambient Pensiune https:\/\/www.pensiuneambient.ro\/en\/ne - Bra\\u0219ov - Rezerv\\u0103 la cel mai bun pre\\u021b pentru propriet\\u0103\\u0163ile Ambient\",\"isPartOf\":{\"@id\":\"https:\/\/www.pensiuneambient.ro\/ro\/#website\"},\"primaryImageOfPage\":{\"@id\":\"https:\/\/www.pensiuneambient.ro\/es\/istoria-muresenilor\/#primaryimage\"},\"datePublished\":\"2018-09-27T22:06:54+00:00\",\"dateModified\":\"2018-09-27T22:06:54+00:00\",\"author\":{\"@id\":\"https:\/\/www.pensiuneambient.ro\/ro\/#\/schema\/person\/1e0219cf4692911c050532257874b687\"},\"inLanguage\":\"ro-RO\",\"potentialAction\":[{\"@type\":\"ReadAction\",\"target\":[\"https:\/\/www.pensiuneambient.ro\/es\/istoria-muresenilor\/\"]}]},{\"@type\":[\"Person\"],\"@id\":\"https:\/\/www.pensiuneambient.ro\/ro\/#\/schema\/person\/1e0219cf4692911c050532257874b687\",\"name\":\"HotelsPerformanceHPd\"}]}<\/script>\n<!-- \/ Yoast SEO Premium plugin. -->","_links":{"self":[{"href":"https:\/\/www.pensiuneambient.ro\/ro\/wp-json\/wp\/v2\/posts\/7999","targetHints":{"allow":["GET"]}}],"collection":[{"href":"https:\/\/www.pensiuneambient.ro\/ro\/wp-json\/wp\/v2\/posts"}],"about":[{"href":"https:\/\/www.pensiuneambient.ro\/ro\/wp-json\/wp\/v2\/types\/post"}],"author":[{"embeddable":true,"href":"https:\/\/www.pensiuneambient.ro\/ro\/wp-json\/wp\/v2\/users\/2"}],"replies":[{"embeddable":true,"href":"https:\/\/www.pensiuneambient.ro\/ro\/wp-json\/wp\/v2\/comments?post=7999"}],"version-history":[{"count":1,"href":"https:\/\/www.pensiuneambient.ro\/ro\/wp-json\/wp\/v2\/posts\/7999\/revisions"}],"predecessor-version":[{"id":8001,"href":"https:\/\/www.pensiuneambient.ro\/ro\/wp-json\/wp\/v2\/posts\/7999\/revisions\/8001"}],"wp:featuredmedia":[{"embeddable":true,"href":"https:\/\/www.pensiuneambient.ro\/ro\/wp-json\/wp\/v2\/media\/8000"}],"wp:attachment":[{"href":"https:\/\/www.pensiuneambient.ro\/ro\/wp-json\/wp\/v2\/media?parent=7999"}],"wp:term":[{"taxonomy":"category","embeddable":true,"href":"https:\/\/www.pensiuneambient.ro\/ro\/wp-json\/wp\/v2\/categories?post=7999"},{"taxonomy":"post_tag","embeddable":true,"href":"https:\/\/www.pensiuneambient.ro\/ro\/wp-json\/wp\/v2\/tags?post=7999"},{"taxonomy":"yst_prominent_words","embeddable":true,"href":"https:\/\/www.pensiuneambient.ro\/ro\/wp-json\/wp\/v2\/yst_prominent_words?post=7999"}],"curies":[{"name":"wp","href":"https:\/\/api.w.org\/{rel}","templated":true}]}}