{"id":7921,"date":"2018-05-27T15:16:54","date_gmt":"2018-05-27T12:16:54","guid":{"rendered":"https:\/\/www.pensiuneambient.ro\/?p=7921"},"modified":"2018-05-27T15:16:54","modified_gmt":"2018-05-27T12:16:54","slug":"fortificatiile-din-brasov-de-la-origini-pana-in-prezent","status":"publish","type":"post","link":"https:\/\/www.pensiuneambient.ro\/ro\/fortificatiile-din-brasov-de-la-origini-pana-in-prezent\/","title":{"rendered":"Fortifica\u021biile din Bra\u0219ov \u2013 de la origini p\u00e2n\u0103 \u00een prezent"},"content":{"rendered":"<p>\u00cen Evul Mediu, Bra\u0219ovul era una din principalele cet\u0103\u021bi ale Transilvaniei, din \u0219irul de cet\u0103\u021bi cu rol defensiv destinate ap\u0103r\u0103rii provinciei de atacurile venite din sud. Construirea centurii de ap\u0103rare a \u00eenceput \u00een secolul al XIV-lea, lucr\u0103rile fiind \u00eencheiate \u00een secolul al XVII-lea, dat\u0103 la care zidurile cet\u0103\u021bii, \u00eenalte de 12 metri \u0219i groase de doi metri, aveau o lungime de aproximativ trei km.<\/p>\n<p>Din ansamblul de fortifica\u021bii (ziduri, bastioane, turnuri \u0219i por\u021bi), se mai p\u0103streaz\u0103 zidul de pe latura de nord (Canalul Graft), <a href=\"https:\/\/ghidlocal.com\/brasov\/locatii\/bastionul-fierarilor-brasov\/\" target=\"_blank\" rel=\"noopener\">Bastionul Fierarilor<\/a>, Turnul M\u0103celarilor, Bastionul Por\u021bii, Poarta Ecaterina, Bastionul \u021aes\u0103torilor , Bastionul Fr\u00e2ngherilor, Bastionul Post\u0103varilor, turnuri de pulbere. \u00cen ceea ce prive\u0219te fortifica\u021biile de ap\u0103rare situate \u00een afara zidurilor, sunt \u00eenc\u0103 vizibile turnurile de observa\u021bie &#8211; <a href=\"http:\/\/povestidecalatorie.ro\/turnul-alb-un-monument-pitoresc-al-brasovului\/\" target=\"_blank\" rel=\"noopener\">Turnul Alb<\/a> (secolul al XV-lea), aflat la o diferen\u021b\u0103 de nivel la 30 m fa\u021b\u0103 de ora\u0219 \u0219i Turnul Negru (secolul al XIV-lea), deasupra Bastionul Fierarilor, ridicat pe o st\u00e2nc\u0103 apropiat\u0103 de latura de nord-vest, ce g\u0103zduie\u0219te \u00een prezent Arhivele statului.<\/p>\n<p>Construc\u021bia cet\u0103\u021bii a fost \u00eenceput\u0103 \u00een anii 1553-1554 de austrieci. Acesta a fost men\u021binut\u0103 \u00een scopuri militare, p\u00e2n\u0103 la mijlocul secolului al XIX-lea. \u00cen 1623 a fost men\u021bionat\u0103 existen\u021ba unei f\u00e2nt\u00e2ni av\u00e2nd mai bine de 81 m ad\u00e2ncime, \u00een interiorul Cet\u0103\u021bii. \u00centre 1625 \u0219i 1630 s-a construit cetatea bastionar\u0103 exterioar\u0103, cu cele patru bastioane aflate pe col\u021burile patrulaterului fortificat. \u00cen mai 1688, Cet\u0103\u021buia a fost sediul r\u0103scula\u021bilor Bra\u0219oveni \u00eempotriva ocup\u0103rii ora\u0219ului de c\u0103tre armata imperial\u0103 austriac\u0103. Ultima ac\u021biune militar\u0103 a avut loc \u00een iunie 1849, c\u00e2nd trupele ruse\u0219ti au bombardat Ceta\u021buia, ap\u0103rat\u0103 de trupele revolu\u021bionare maghiare.<\/p>\n<p>Canalul Graft a fost amenajat \u00een secolul al XIV-lea, la poalele dealului Warthe, ca un obstacol natural \u00eempotriva atacatorilor. Pe marginea lui s-a construit ulterior primul zid de ap\u0103rare al Brasovului, \u00eent\u0103rit cu dou\u0103 bastioane puternice la fiecare cap\u0103t (Bastionul Fierarilor \u0219i Bastionul Curelarilor). \u00cen dreptul Turnului Alb se afl\u0103 Bastionul Graft, construit \u00een cea de-a doua jum\u0103tate a secolului al XIV-lea, perpendicular pe zidul de nord-vest al Cet\u0103\u021bii, care ac\u021biona ca un pod peste canal, prin care aveau loc aprovizionarea \u0219i schimbarea garnizoanei. Bastionul Graft a fost restaurat \u0219i a devenit un muzeu \u00een anii 2003-2004, c\u00e2nd a fost realizat\u0103 \u0219i scara de piatr\u0103 care duce la Turnul Alb. \u00cen prezent, zona cunoscut\u0103 sub numele de \u201eDup\u0103 Ziduri\u201c este un loc atractiv pentru cei care doresc s\u0103 ia plimb\u0103ri romantice pe aleile dominate de cl\u0103diri emblematice, ce amintesc de Bra\u0219ovului medieval. \u00cen a doua jum\u0103tate a secolului al XIX-lea a fost amenajat un loc de promenad\u0103 \u00een apropierea turnurilor, de unde pot fi admirate Pia\u021ba Sfatului \u0219i \u00eentreaga cetate a Bra\u0219ovului.<\/p>\n<p>Echipa Ambient v\u0103 a\u0219teapt\u0103 cu multe surprize, iar staff-ul nostru v\u0103 st\u0103 oric\u00e2nd la dispozi\u021bie.<\/p>\n<p>V\u0103 a\u0219tept\u0103m cu drag!<\/p>","protected":false},"excerpt":{"rendered":"<p>\u00cen Evul Mediu, Bra\u0219ovul era una din principalele cet\u0103\u021bi ale Transilvaniei, din \u0219irul de cet\u0103\u021bi cu rol defensiv destinate ap\u0103r\u0103rii [&hellip;]<\/p>\n","protected":false},"author":2,"featured_media":7922,"comment_status":"closed","ping_status":"open","sticky":false,"template":"","format":"standard","meta":{"footnotes":""},"categories":[55,3,66],"tags":[95,80,94],"yst_prominent_words":[],"class_list":["post-7921","post","type-post","status-publish","format-standard","has-post-thumbnail","hentry","category-brasov","category-news","category-pensiunea-ambient","tag-fortificatii-brasov","tag-hotel-brasov","tag-istorie-brasov"],"yoast_head":"<!-- This site is optimized with the Yoast SEO Premium plugin v14.0.2 - https:\/\/yoast.com\/wordpress\/plugins\/seo\/ -->\n<title>Fortifica\u021biile din Bra\u0219ov \u2013 de la origini p\u00e2n\u0103 \u00een prezent - Ambient Pensiune https:\/\/www.pensiuneambient.ro\/en\/ne - Bra\u0219ov - Rezerv\u0103 la cel mai bun pre\u021b pentru propriet\u0103\u0163ile Ambient<\/title>\n<meta name=\"robots\" content=\"index, follow\" \/>\n<meta name=\"googlebot\" content=\"index, follow, max-snippet:-1, max-image-preview:large, max-video-preview:-1\" \/>\n<meta name=\"bingbot\" content=\"index, follow, max-snippet:-1, max-image-preview:large, max-video-preview:-1\" \/>\n<link rel=\"canonical\" href=\"https:\/\/www.pensiuneambient.ro\/ro\/fortificatiile-din-brasov-de-la-origini-pana-in-prezent\/\" \/>\n<meta property=\"og:locale\" content=\"ro_RO\" \/>\n<meta property=\"og:type\" content=\"article\" \/>\n<meta property=\"og:title\" content=\"[:ro]Fortifica\u021biile din Bra\u0219ov \u2013 de la origini p\u00e2n\u0103 \u00een prezent[:en]The Fortifications of Bra\u0219ov \u2013 from its origins until now[:es]The Fortifications of Bra\u0219ov \u2013 from its origins until now[:de]The Fortifications of Bra\u0219ov \u2013 from its origins until now[:] - Ambient Pensiune https:\/\/www.pensiuneambient.ro\/en\/ne - Bra\u0219ov - Rezerv\u0103 la cel mai bun pre\u021b pentru propriet\u0103\u0163ile Ambient\" \/>\n<meta property=\"og:description\" content=\"\u00cen Evul Mediu, Bra\u0219ovul era una din principalele cet\u0103\u021bi ale Transilvaniei, din \u0219irul de cet\u0103\u021bi cu rol defensiv destinate ap\u0103r\u0103rii [&hellip;]\" \/>\n<meta property=\"og:url\" content=\"https:\/\/www.pensiuneambient.ro\/ro\/fortificatiile-din-brasov-de-la-origini-pana-in-prezent\/\" \/>\n<meta property=\"og:site_name\" content=\"Ambient Pensiune https:\/\/www.pensiuneambient.ro\/en\/ne - Bra\u0219ov - Rezerv\u0103 la cel mai bun pre\u021b pentru propriet\u0103\u0163ile Ambient\" \/>\n<meta property=\"article:published_time\" content=\"2018-05-27T12:16:54+00:00\" \/>\n<meta property=\"og:image\" content=\"https:\/\/www.pensiuneambient.ro\/wp-content\/uploads\/2018\/05\/Brasov_Fortifications.jpg\" \/>\n\t<meta property=\"og:image:width\" content=\"644\" \/>\n\t<meta property=\"og:image:height\" content=\"416\" \/>\n<meta name=\"twitter:card\" content=\"summary_large_image\" \/>\n<script type=\"application\/ld+json\" class=\"yoast-schema-graph\">{\"@context\":\"https:\/\/schema.org\",\"@graph\":[{\"@type\":\"WebSite\",\"@id\":\"https:\/\/www.pensiuneambient.ro\/ro\/#website\",\"url\":\"https:\/\/www.pensiuneambient.ro\/ro\/\",\"name\":\"Ambient Pensiune https:\/\/www.pensiuneambient.ro\/en\/ne - Bra\\u0219ov - Rezerv\\u0103 la cel mai bun pre\\u021b pentru propriet\\u0103\\u0163ile Ambient\",\"description\":\"Site-ul oficial\",\"potentialAction\":[{\"@type\":\"SearchAction\",\"target\":\"https:\/\/www.pensiuneambient.ro\/ro\/?s={search_term_string}\",\"query-input\":\"required name=search_term_string\"}],\"inLanguage\":\"ro-RO\"},{\"@type\":\"ImageObject\",\"@id\":\"https:\/\/www.pensiuneambient.ro\/ro\/fortificatiile-din-brasov-de-la-origini-pana-in-prezent\/#primaryimage\",\"inLanguage\":\"ro-RO\",\"url\":\"https:\/\/www.pensiuneambient.ro\/wp-content\/uploads\/2018\/05\/Brasov_Fortifications.jpg\",\"width\":644,\"height\":416},{\"@type\":\"WebPage\",\"@id\":\"https:\/\/www.pensiuneambient.ro\/ro\/fortificatiile-din-brasov-de-la-origini-pana-in-prezent\/#webpage\",\"url\":\"https:\/\/www.pensiuneambient.ro\/ro\/fortificatiile-din-brasov-de-la-origini-pana-in-prezent\/\",\"name\":\"[:ro]Fortifica\\u021biile din Bra\\u0219ov \\u2013 de la origini p\\u00e2n\\u0103 \\u00een prezent[:en]The Fortifications of Bra\\u0219ov \\u2013 from its origins until now[:es]The Fortifications of Bra\\u0219ov \\u2013 from its origins until now[:de]The Fortifications of Bra\\u0219ov \\u2013 from its origins until now[:] - Ambient Pensiune https:\/\/www.pensiuneambient.ro\/en\/ne - Bra\\u0219ov - Rezerv\\u0103 la cel mai bun pre\\u021b pentru propriet\\u0103\\u0163ile Ambient\",\"isPartOf\":{\"@id\":\"https:\/\/www.pensiuneambient.ro\/ro\/#website\"},\"primaryImageOfPage\":{\"@id\":\"https:\/\/www.pensiuneambient.ro\/ro\/fortificatiile-din-brasov-de-la-origini-pana-in-prezent\/#primaryimage\"},\"datePublished\":\"2018-05-27T12:16:54+00:00\",\"dateModified\":\"2018-05-27T12:16:54+00:00\",\"author\":{\"@id\":\"https:\/\/www.pensiuneambient.ro\/ro\/#\/schema\/person\/1e0219cf4692911c050532257874b687\"},\"inLanguage\":\"ro-RO\",\"potentialAction\":[{\"@type\":\"ReadAction\",\"target\":[\"https:\/\/www.pensiuneambient.ro\/ro\/fortificatiile-din-brasov-de-la-origini-pana-in-prezent\/\"]}]},{\"@type\":[\"Person\"],\"@id\":\"https:\/\/www.pensiuneambient.ro\/ro\/#\/schema\/person\/1e0219cf4692911c050532257874b687\",\"name\":\"HotelsPerformanceHPd\"}]}<\/script>\n<!-- \/ Yoast SEO Premium plugin. -->","_links":{"self":[{"href":"https:\/\/www.pensiuneambient.ro\/ro\/wp-json\/wp\/v2\/posts\/7921","targetHints":{"allow":["GET"]}}],"collection":[{"href":"https:\/\/www.pensiuneambient.ro\/ro\/wp-json\/wp\/v2\/posts"}],"about":[{"href":"https:\/\/www.pensiuneambient.ro\/ro\/wp-json\/wp\/v2\/types\/post"}],"author":[{"embeddable":true,"href":"https:\/\/www.pensiuneambient.ro\/ro\/wp-json\/wp\/v2\/users\/2"}],"replies":[{"embeddable":true,"href":"https:\/\/www.pensiuneambient.ro\/ro\/wp-json\/wp\/v2\/comments?post=7921"}],"version-history":[{"count":1,"href":"https:\/\/www.pensiuneambient.ro\/ro\/wp-json\/wp\/v2\/posts\/7921\/revisions"}],"predecessor-version":[{"id":7923,"href":"https:\/\/www.pensiuneambient.ro\/ro\/wp-json\/wp\/v2\/posts\/7921\/revisions\/7923"}],"wp:featuredmedia":[{"embeddable":true,"href":"https:\/\/www.pensiuneambient.ro\/ro\/wp-json\/wp\/v2\/media\/7922"}],"wp:attachment":[{"href":"https:\/\/www.pensiuneambient.ro\/ro\/wp-json\/wp\/v2\/media?parent=7921"}],"wp:term":[{"taxonomy":"category","embeddable":true,"href":"https:\/\/www.pensiuneambient.ro\/ro\/wp-json\/wp\/v2\/categories?post=7921"},{"taxonomy":"post_tag","embeddable":true,"href":"https:\/\/www.pensiuneambient.ro\/ro\/wp-json\/wp\/v2\/tags?post=7921"},{"taxonomy":"yst_prominent_words","embeddable":true,"href":"https:\/\/www.pensiuneambient.ro\/ro\/wp-json\/wp\/v2\/yst_prominent_words?post=7921"}],"curies":[{"name":"wp","href":"https:\/\/api.w.org\/{rel}","templated":true}]}}