{"id":7888,"date":"2018-03-27T00:48:51","date_gmt":"2018-03-26T21:48:51","guid":{"rendered":"https:\/\/www.pensiuneambient.ro\/?p=7888"},"modified":"2018-03-27T00:58:27","modified_gmt":"2018-03-26T21:58:27","slug":"pastele-sarbatorit-in-lume","status":"publish","type":"post","link":"https:\/\/www.pensiuneambient.ro\/ro\/pastele-sarbatorit-in-lume\/","title":{"rendered":"Pa\u0219tele s\u0103rb\u0103torit \u00een lume"},"content":{"rendered":"<p><a href=\"http:\/\/www.perfecte.ro\/paste-iepuras\/obiceiuri-si-traditii-romanesti-de-paste-1.html\" target=\"_blank\" rel=\"noopener\">S\u0103rb\u0103toarea Pa\u015ftelui <\/a>este pentru rom\u00e2ni, al\u0103turi de Cr\u0103ciun, cea mai important\u0103 din an, pentru care fiecare familie se preg\u0103te\u015fte cu mult timp \u00eenainte prin postul \u0163inut cu at\u00e2ta evlavie.<\/p>\n<p>\u00cen Italia, Postul Pa\u015ftelui este precedat de carnavaluri, baluri mascate, parade \u015fi jocuri de artificii.<br \/>\n\u00cen timpul Postului, se pune gr\u00e2u la \u00eencol\u0163it. Astfel vor fi decorate bisericile \u00een zilele dinaintea Pa\u015ftelui.<br \/>\n\u00cen Duminica Floriilor, oamenii duc la biseric\u0103 ramuri de m\u0103slin \u015fi palmier pentru a fi sfin\u021bite. Dup\u0103 ce to\u0163i oamenii intr\u0103 \u00een biseric\u0103, u\u015file se \u00eenchid, ca \u015fi por\u0163ile Ierusalimului. Preo\u0163ii bat de 3 ori, u\u015file se deschid, iar oamenii flutur\u0103 ramurile de m\u0103slin, comemor\u00e2nd intrarea triumfal\u0103 a lui Iisus \u00een Ierusalim. \u00cen Vinerea Mare, \u00een biserici se reconstituie ritualul sp\u0103l\u0103rii picioarelor lui Isus. Sunt ale\u015fi 12 b\u0103rba\u0163i s\u0103raci din parohie, simboliz\u00e2ndu-i pe cei 12 apostoli, iar preotul, ca \u015fi Iisus Hristos, le spal\u0103 picioarele.<\/p>\n<p>\u00cen Spania, se respect\u0103 Postul Mare ca perioada de medita\u0163ie \u015fi rugaciune pentru purificare. \u00cen Duminica Floriilor, oamenii merg la biseric\u0103, iar copiii duc ramuri \u015fi frunze de palmier pentru a fi binecuvantate de preot<\/p>\n<p>\u00cen ziua de Pa\u015fti, clopotele sun\u0103 cu putere \u00een toat\u0103 Fran\u0163a, vestind \u00cenvierea, iar oamenii se \u00eembr\u0103\u0163i\u015feaz\u0103 \u015fi se felicit\u0103. Copiii se trezesc diminea\u0163\u0103 \u015fi caut\u0103 ou\u0103le \u00eempr\u0103\u015ftiate prin camere sau \u00een gr\u0103din\u0103. Meniul tradi\u0163ional de Pa\u015fti include iedul cu garnitur\u0103 de legume. Familiile se adun\u0103 pentru masa de Pa\u015fti, care dureaz\u0103 cel pu\u0163in 5 ore<\/p>\n<p>\u00cen Austria se preg\u0103tesc ou\u0103 pentru decor &#8211; unele se aga\u0163\u0103 la ferestre pe crengu\u0163e de salcie, \u015fi ou\u0103 pentru consum. Potrivit tradi\u0163iei, copiii trebuie s\u0103 g\u0103seasc\u0103 ou\u0103le, dulciurile \u015fi micile cadouri ascunse bine de iepura\u015ful de Pa\u015fti \u00een cas\u0103 sau \u00een gr\u0103din\u0103 \u015fi se organizeaz\u0103 concursuri de ciocnit ou\u0103. Se face o pr\u0103jitur\u0103 \u00een form\u0103 de miel, Osterlamm, pe care na\u015fii o oferit\u0103 copiilor.<\/p>\n<p>n Olanda, la masa ceremonial\u0103 din Duminica Pa\u015ftelui, decorat\u0103 cu ou\u0103 colorate \u015fi flori de prim\u0103var\u0103, se serve\u015fte Paasbrood, o pr\u0103jitur\u0103 cu stafide. \u00cen estul \u0163\u0103rii, \u00een fiecare sat se aprinde un foc pe un deal sau un loc mai \u00eenalt. Olandezii adun\u0103 lemne cu multe s\u0103pt\u0103m\u00e2ni \u00eenainte \u015fi se \u00eentrec pentru cel mai mare foc. Luni, a doua zi de Pa\u015fti, copiii caut\u0103 ou\u0103le colorate ascunse \u00een jurul casei sau \u00een gr\u0103din\u0103, iar cei mari fac \u00eentreceri de spart ou\u0103, numite eiertikken.<\/p>\n<p>Tradi\u0163ional, \u00een Norvegia, Pa\u015ftele nu este marcat religios. Casele sunt \u00eempodobite cu flori de prim\u0103var\u0103 \u015fi ou\u0103 colorate. Se s\u0103rb\u0103tore\u015fte \u00een aer liber, se merge \u00een vacan\u0163\u0103 sau la schi \u015fi se petrece timpul cu familia, din Miercurea Mare p\u00e2n\u0103 mar\u0163i, dup\u0103 Duminica Pa\u015ftelui.<br \/>\n\u00cen Grecia, Pa\u015ftele este mare s\u0103rb\u0103toare. Se fac ou\u0103 ro\u015fii, care pentru greci simbolizeaz\u0103 s\u00e2ngele lui Iisus \u015fi sunt un simbol al bel\u015fugului.<\/p>\n<p>\u00cen Rusia se merge la biseric\u0103 \u00een noaptea de \u00cenviere. La miezul nop\u0163ii se \u00eenconjoar\u0103 loca\u0219ul de cult \u015fi se ifredoneaza c\u00e2ntece religioase. Dup\u0103 ce sunt binecuv\u00e2nta\u021bi de preot, oamenii se \u00eentorc acas\u0103, unde servesc masa \u00eenc\u0103rcat\u0103 cu produse tradi\u021bionale.<\/p>","protected":false},"excerpt":{"rendered":"<p>S\u0103rb\u0103toarea Pa\u015ftelui este pentru rom\u00e2ni, al\u0103turi de Cr\u0103ciun, cea mai important\u0103 din an, pentru care fiecare familie se preg\u0103te\u015fte cu [&hellip;]<\/p>\n","protected":false},"author":2,"featured_media":7890,"comment_status":"closed","ping_status":"open","sticky":false,"template":"","format":"standard","meta":{"footnotes":""},"categories":[55,3,66],"tags":[90,89],"yst_prominent_words":[],"class_list":["post-7888","post","type-post","status-publish","format-standard","has-post-thumbnail","hentry","category-brasov","category-news","category-pensiunea-ambient","tag-cazare-brasov","tag-paste-brasov"],"yoast_head":"<!-- This site is optimized with the Yoast SEO Premium plugin v14.0.2 - https:\/\/yoast.com\/wordpress\/plugins\/seo\/ -->\n<title>Pa\u0219tele s\u0103rb\u0103torit \u00een lume - Ambient Pensiune https:\/\/www.pensiuneambient.ro\/en\/ne - Bra\u0219ov - Rezerv\u0103 la cel mai bun pre\u021b pentru propriet\u0103\u0163ile Ambient<\/title>\n<meta name=\"robots\" content=\"index, follow\" \/>\n<meta name=\"googlebot\" content=\"index, follow, max-snippet:-1, max-image-preview:large, max-video-preview:-1\" \/>\n<meta name=\"bingbot\" content=\"index, follow, max-snippet:-1, max-image-preview:large, max-video-preview:-1\" \/>\n<link rel=\"canonical\" href=\"https:\/\/www.pensiuneambient.ro\/es\/pastele-sarbatorit-in-lume\/\" \/>\n<meta property=\"og:locale\" content=\"ro_RO\" \/>\n<meta property=\"og:type\" content=\"article\" \/>\n<meta property=\"og:title\" content=\"[:ro]Pa\u0219tele s\u0103rb\u0103torit \u00een lume[:en]Easter celebrated in the world[:es]Easter celebrated in the world[:de]Easter celebrated in the world[:] - Ambient Pensiune https:\/\/www.pensiuneambient.ro\/en\/ne - Bra\u0219ov - Rezerv\u0103 la cel mai bun pre\u021b pentru propriet\u0103\u0163ile Ambient\" \/>\n<meta property=\"og:description\" content=\"S\u0103rb\u0103toarea Pa\u015ftelui este pentru rom\u00e2ni, al\u0103turi de Cr\u0103ciun, cea mai important\u0103 din an, pentru care fiecare familie se preg\u0103te\u015fte cu [&hellip;]\" \/>\n<meta property=\"og:url\" content=\"https:\/\/www.pensiuneambient.ro\/es\/pastele-sarbatorit-in-lume\/\" \/>\n<meta property=\"og:site_name\" content=\"Ambient Pensiune https:\/\/www.pensiuneambient.ro\/en\/ne - Bra\u0219ov - Rezerv\u0103 la cel mai bun pre\u021b pentru propriet\u0103\u0163ile Ambient\" \/>\n<meta property=\"article:published_time\" content=\"2018-03-26T21:48:51+00:00\" \/>\n<meta property=\"article:modified_time\" content=\"2018-03-26T21:58:27+00:00\" \/>\n<meta property=\"og:image\" content=\"https:\/\/www.pensiuneambient.ro\/wp-content\/uploads\/2018\/03\/PensiuneaAmbient_Paste.jpg\" \/>\n\t<meta property=\"og:image:width\" content=\"644\" \/>\n\t<meta property=\"og:image:height\" content=\"416\" \/>\n<meta name=\"twitter:card\" content=\"summary_large_image\" \/>\n<script type=\"application\/ld+json\" class=\"yoast-schema-graph\">{\"@context\":\"https:\/\/schema.org\",\"@graph\":[{\"@type\":\"WebSite\",\"@id\":\"https:\/\/www.pensiuneambient.ro\/ro\/#website\",\"url\":\"https:\/\/www.pensiuneambient.ro\/ro\/\",\"name\":\"Ambient Pensiune https:\/\/www.pensiuneambient.ro\/en\/ne - Bra\\u0219ov - Rezerv\\u0103 la cel mai bun pre\\u021b pentru propriet\\u0103\\u0163ile Ambient\",\"description\":\"Site-ul oficial\",\"potentialAction\":[{\"@type\":\"SearchAction\",\"target\":\"https:\/\/www.pensiuneambient.ro\/ro\/?s={search_term_string}\",\"query-input\":\"required name=search_term_string\"}],\"inLanguage\":\"ro-RO\"},{\"@type\":\"ImageObject\",\"@id\":\"https:\/\/www.pensiuneambient.ro\/es\/pastele-sarbatorit-in-lume\/#primaryimage\",\"inLanguage\":\"ro-RO\",\"url\":\"https:\/\/www.pensiuneambient.ro\/wp-content\/uploads\/2018\/03\/PensiuneaAmbient_Paste.jpg\",\"width\":644,\"height\":416},{\"@type\":\"WebPage\",\"@id\":\"https:\/\/www.pensiuneambient.ro\/es\/pastele-sarbatorit-in-lume\/#webpage\",\"url\":\"https:\/\/www.pensiuneambient.ro\/es\/pastele-sarbatorit-in-lume\/\",\"name\":\"[:ro]Pa\\u0219tele s\\u0103rb\\u0103torit \\u00een lume[:en]Easter celebrated in the world[:es]Easter celebrated in the world[:de]Easter celebrated in the world[:] - Ambient Pensiune https:\/\/www.pensiuneambient.ro\/en\/ne - Bra\\u0219ov - Rezerv\\u0103 la cel mai bun pre\\u021b pentru propriet\\u0103\\u0163ile Ambient\",\"isPartOf\":{\"@id\":\"https:\/\/www.pensiuneambient.ro\/ro\/#website\"},\"primaryImageOfPage\":{\"@id\":\"https:\/\/www.pensiuneambient.ro\/es\/pastele-sarbatorit-in-lume\/#primaryimage\"},\"datePublished\":\"2018-03-26T21:48:51+00:00\",\"dateModified\":\"2018-03-26T21:58:27+00:00\",\"author\":{\"@id\":\"https:\/\/www.pensiuneambient.ro\/ro\/#\/schema\/person\/1e0219cf4692911c050532257874b687\"},\"inLanguage\":\"ro-RO\",\"potentialAction\":[{\"@type\":\"ReadAction\",\"target\":[\"https:\/\/www.pensiuneambient.ro\/es\/pastele-sarbatorit-in-lume\/\"]}]},{\"@type\":[\"Person\"],\"@id\":\"https:\/\/www.pensiuneambient.ro\/ro\/#\/schema\/person\/1e0219cf4692911c050532257874b687\",\"name\":\"HotelsPerformanceHPd\"}]}<\/script>\n<!-- \/ Yoast SEO Premium plugin. -->","_links":{"self":[{"href":"https:\/\/www.pensiuneambient.ro\/ro\/wp-json\/wp\/v2\/posts\/7888","targetHints":{"allow":["GET"]}}],"collection":[{"href":"https:\/\/www.pensiuneambient.ro\/ro\/wp-json\/wp\/v2\/posts"}],"about":[{"href":"https:\/\/www.pensiuneambient.ro\/ro\/wp-json\/wp\/v2\/types\/post"}],"author":[{"embeddable":true,"href":"https:\/\/www.pensiuneambient.ro\/ro\/wp-json\/wp\/v2\/users\/2"}],"replies":[{"embeddable":true,"href":"https:\/\/www.pensiuneambient.ro\/ro\/wp-json\/wp\/v2\/comments?post=7888"}],"version-history":[{"count":1,"href":"https:\/\/www.pensiuneambient.ro\/ro\/wp-json\/wp\/v2\/posts\/7888\/revisions"}],"predecessor-version":[{"id":7889,"href":"https:\/\/www.pensiuneambient.ro\/ro\/wp-json\/wp\/v2\/posts\/7888\/revisions\/7889"}],"wp:featuredmedia":[{"embeddable":true,"href":"https:\/\/www.pensiuneambient.ro\/ro\/wp-json\/wp\/v2\/media\/7890"}],"wp:attachment":[{"href":"https:\/\/www.pensiuneambient.ro\/ro\/wp-json\/wp\/v2\/media?parent=7888"}],"wp:term":[{"taxonomy":"category","embeddable":true,"href":"https:\/\/www.pensiuneambient.ro\/ro\/wp-json\/wp\/v2\/categories?post=7888"},{"taxonomy":"post_tag","embeddable":true,"href":"https:\/\/www.pensiuneambient.ro\/ro\/wp-json\/wp\/v2\/tags?post=7888"},{"taxonomy":"yst_prominent_words","embeddable":true,"href":"https:\/\/www.pensiuneambient.ro\/ro\/wp-json\/wp\/v2\/yst_prominent_words?post=7888"}],"curies":[{"name":"wp","href":"https:\/\/api.w.org\/{rel}","templated":true}]}}