{"id":7498,"date":"2017-03-07T01:49:02","date_gmt":"2017-03-06T23:49:02","guid":{"rendered":"http:\/\/www.pensiuneambient.ro\/?p=7498"},"modified":"2017-04-12T00:34:45","modified_gmt":"2017-04-11T21:34:45","slug":"why-international-womens-day-is-celebrated-on-march-8","status":"publish","type":"post","link":"https:\/\/www.pensiuneambient.ro\/ro\/why-international-womens-day-is-celebrated-on-march-8\/","title":{"rendered":"De ce Ziua Interna\u021bional\u0103 a Femeii este s\u0103rb\u0103torita la 8 Martie?"},"content":{"rendered":"<p>Haide\u021bi sa cunoa\u0219tem \u00eempreuna povestea din spatele acestei zile importante!<\/p>\n<p><strong>Cronologia celebr\u0103rii Zilei Femeii<\/strong><\/p>\n<p>Pentru a avea o imagine clar\u0103 a originii istorice a acestei s\u0103rb\u0103tori este necesar sa p\u0103stram \u00een minte c\u00e2teva date importante:<\/p>\n<p>1909: Celebrarea Zilei Na\u021bionale a Femeii \u00een Statele Unite ale Americii<br \/>\n\u00cen urma declara\u021biei Partidului Socialist al Statelor Unite \u00een sus\u021binerea grevei din 1908, \u00een care lucr\u0103toarele textile, au protestat \u00eempotriva condi\u021biilor proaste de munc\u0103, la 28 februarie a avut loc \u00een \u00eentreaga tara Prima Zi Na\u021bional\u0103 a Femeii. Pana in anul 1913 s-a s\u0103rb\u0103torit &#8220;Ziua Na\u021bional\u0103&#8221;, \u00een ultima duminic\u0103 din fiecare februarie.<br \/>\n1910: Proclamarea Zilei Interna\u021bionale a Femeii Muncitoare<\/p>\n<p>\u00cen 1910, la a doua Conferin\u021b\u0103 Interna\u021bional\u0103 a Femeilor Socialiste reunite la Copenhaga, la propunerea Clarei Zetkin, a fost proclamata, f\u0103r\u0103 o dat\u0103 specific\u0103, celebrarea Zilei Interna\u021bionale a Femeilor Muncitoare.<br \/>\n1911: Prima Celebrare a Zilei Interna\u021bionale a Femeilor Muncitoare \u0219i incendiul din fabrica de tricouri Triangle Shirtwaist din New York<\/p>\n<p>Prima celebrare din istoria Zilei Femeii a fost numita, de fapt, <strong><a href=\"http:\/\/www.descopera.ro\/istorie\/13947933-8-martie-ziua-in-care-femeile-nu-primeau-flori-si-se-luptau-pentru-niste-drepturi-elementare\">Ziua interna\u021bional\u0103 a Femeilor Muncitoare<\/a>.<\/strong> A avut loc la 19 martie 1911 in Germania, Austria, Danemarca \u0219i Elve\u021bia.<br \/>\nLa scurt timp dup\u0103, pe data de 25 martie, a izbucnit incendiul in fabrica de tricouri Triangle Shirtwaist in New York. \u00cen tragicul incendiu au murit 146 de muncitoare, cea mai mare parte imigrante italiene si evrei din cauza condi\u021biilor de siguran\u021b\u0103 \u00eengrozitoare.<\/p>\n<p>1917: Ziua Interna\u021bional\u0103 a Femeilor \u00een Uniunea Sovietic\u0103<br \/>\nLa 8 martie (Calendarul Gregorian) sau 23 februarie (calendarul iulian), 1917 a fost, de asemenea, o zi important\u0103 \u00een istoria drepturilor femeilor. Dup\u0103 Revolu\u021bia din Octombrie, la patru zile dup\u0103 ce \u021barul a fost for\u021bat s\u0103 abdice, guvernul provizoriu a acordat femeilor dreptul la vot. \u0218i, pentru prima oar\u0103 \u00een istorie, a ie\u0219it divor\u021bul legal \u0219i avortul \u0219i au declarat c\u0103 8 martie este considerat\u0103 o s\u0103rb\u0103toare oficial\u0103 \u00een Uniunea Sovietic\u0103.<\/p>\n<p>08 Martie: Ziua Interna\u021bional\u0103 a Femeii<br \/>\nZiua Interna\u021bional\u0103 a Femeii este o zi de lupt\u0103 pentru drepturile femeilor. Este ziua \u00een care sunt revendicate avansurile \u00een egalitatea de gen si \u00een acela\u0219i timp se reflect\u0103 pe &#8220;necesitatea&#8221; sau tot ceea ce \u00eenc\u0103 mai este nevoie pentru a eradica inegalitatea dintre b\u0103rba\u021bi \u0219i femei.<\/p>\n<p>Pensiunea Ambient invita toate femeile, singure sau in companie, sa s\u0103rb\u0103toreasca un 8 Martie de neuitat intr-un ora\u0219 de vis si va garanteaz\u0103 o \u0219edere unica si un somn lin, in cele mai confortabile camere, dup\u0103 cele mai frumoase petreceri.<\/p>","protected":false},"excerpt":{"rendered":"<p>Haide\u021bi sa cunoa\u0219tem \u00eempreuna povestea din spatele acestei zile importante! Cronologia celebr\u0103rii Zilei Femeii Pentru a avea o imagine clar\u0103 [&hellip;]<\/p>\n","protected":false},"author":2,"featured_media":7499,"comment_status":"closed","ping_status":"open","sticky":false,"template":"","format":"standard","meta":{"footnotes":""},"categories":[55,50,60,44],"tags":[61],"yst_prominent_words":[],"class_list":["post-7498","post","type-post","status-publish","format-standard","has-post-thumbnail","hentry","category-brasov","category-events","category-international-womens-day","category-pensiune-ambient","tag-march-8"],"yoast_head":"<!-- This site is optimized with the Yoast SEO Premium plugin v14.0.2 - https:\/\/yoast.com\/wordpress\/plugins\/seo\/ -->\n<title>De ce Ziua Interna\u021bional\u0103 a Femeii este s\u0103rb\u0103torita la 8 Martie? - Ambient Pensiune https:\/\/www.pensiuneambient.ro\/en\/ne - Bra\u0219ov - Rezerv\u0103 la cel mai bun pre\u021b pentru propriet\u0103\u0163ile Ambient<\/title>\n<meta name=\"robots\" content=\"index, follow\" \/>\n<meta name=\"googlebot\" content=\"index, follow, max-snippet:-1, max-image-preview:large, max-video-preview:-1\" \/>\n<meta name=\"bingbot\" content=\"index, follow, max-snippet:-1, max-image-preview:large, max-video-preview:-1\" \/>\n<link rel=\"canonical\" href=\"https:\/\/www.pensiuneambient.ro\/ro\/why-international-womens-day-is-celebrated-on-march-8\/\" \/>\n<meta property=\"og:locale\" content=\"ro_RO\" \/>\n<meta property=\"og:type\" content=\"article\" \/>\n<meta property=\"og:title\" content=\"[:ro]De ce Ziua Interna\u021bional\u0103 a Femeii este s\u0103rb\u0103torita la 8 Martie?[:en]Why International Women&#039;s Day is celebrated on March 8?[:es]\u00bfPor qu\u00e9 se celebra el D\u00eda Internacional de la Mujer el 8 de Marzo?[:de]Warum wird der internationale Frauentag am 8. M\u00e4rz gefeiert?[:] - Ambient Pensiune https:\/\/www.pensiuneambient.ro\/en\/ne - Bra\u0219ov - Rezerv\u0103 la cel mai bun pre\u021b pentru propriet\u0103\u0163ile Ambient\" \/>\n<meta property=\"og:description\" content=\"Haide\u021bi sa cunoa\u0219tem \u00eempreuna povestea din spatele acestei zile importante! Cronologia celebr\u0103rii Zilei Femeii Pentru a avea o imagine clar\u0103 [&hellip;]\" \/>\n<meta property=\"og:url\" content=\"https:\/\/www.pensiuneambient.ro\/ro\/why-international-womens-day-is-celebrated-on-march-8\/\" \/>\n<meta property=\"og:site_name\" content=\"Ambient Pensiune https:\/\/www.pensiuneambient.ro\/en\/ne - Bra\u0219ov - Rezerv\u0103 la cel mai bun pre\u021b pentru propriet\u0103\u0163ile Ambient\" \/>\n<meta property=\"article:published_time\" content=\"2017-03-06T23:49:02+00:00\" \/>\n<meta property=\"article:modified_time\" content=\"2017-04-11T21:34:45+00:00\" \/>\n<meta property=\"og:image\" content=\"https:\/\/www.pensiuneambient.ro\/wp-content\/uploads\/2017\/03\/NewsPensiuneaAmbient.png\" \/>\n\t<meta property=\"og:image:width\" content=\"768\" \/>\n\t<meta property=\"og:image:height\" content=\"433\" \/>\n<meta name=\"twitter:card\" content=\"summary_large_image\" \/>\n<script type=\"application\/ld+json\" class=\"yoast-schema-graph\">{\"@context\":\"https:\/\/schema.org\",\"@graph\":[{\"@type\":\"WebSite\",\"@id\":\"https:\/\/www.pensiuneambient.ro\/ro\/#website\",\"url\":\"https:\/\/www.pensiuneambient.ro\/ro\/\",\"name\":\"Ambient Pensiune https:\/\/www.pensiuneambient.ro\/en\/ne - Bra\\u0219ov - Rezerv\\u0103 la cel mai bun pre\\u021b pentru propriet\\u0103\\u0163ile Ambient\",\"description\":\"Site-ul oficial\",\"potentialAction\":[{\"@type\":\"SearchAction\",\"target\":\"https:\/\/www.pensiuneambient.ro\/ro\/?s={search_term_string}\",\"query-input\":\"required name=search_term_string\"}],\"inLanguage\":\"ro-RO\"},{\"@type\":\"ImageObject\",\"@id\":\"https:\/\/www.pensiuneambient.ro\/ro\/why-international-womens-day-is-celebrated-on-march-8\/#primaryimage\",\"inLanguage\":\"ro-RO\",\"url\":\"https:\/\/www.pensiuneambient.ro\/wp-content\/uploads\/2017\/03\/NewsPensiuneaAmbient.png\",\"width\":768,\"height\":433},{\"@type\":\"WebPage\",\"@id\":\"https:\/\/www.pensiuneambient.ro\/ro\/why-international-womens-day-is-celebrated-on-march-8\/#webpage\",\"url\":\"https:\/\/www.pensiuneambient.ro\/ro\/why-international-womens-day-is-celebrated-on-march-8\/\",\"name\":\"[:ro]De ce Ziua Interna\\u021bional\\u0103 a Femeii este s\\u0103rb\\u0103torita la 8 Martie?[:en]Why International Women's Day is celebrated on March 8?[:es]\\u00bfPor qu\\u00e9 se celebra el D\\u00eda Internacional de la Mujer el 8 de Marzo?[:de]Warum wird der internationale Frauentag am 8. M\\u00e4rz gefeiert?[:] - Ambient Pensiune https:\/\/www.pensiuneambient.ro\/en\/ne - Bra\\u0219ov - Rezerv\\u0103 la cel mai bun pre\\u021b pentru propriet\\u0103\\u0163ile Ambient\",\"isPartOf\":{\"@id\":\"https:\/\/www.pensiuneambient.ro\/ro\/#website\"},\"primaryImageOfPage\":{\"@id\":\"https:\/\/www.pensiuneambient.ro\/ro\/why-international-womens-day-is-celebrated-on-march-8\/#primaryimage\"},\"datePublished\":\"2017-03-06T23:49:02+00:00\",\"dateModified\":\"2017-04-11T21:34:45+00:00\",\"author\":{\"@id\":\"https:\/\/www.pensiuneambient.ro\/ro\/#\/schema\/person\/1e0219cf4692911c050532257874b687\"},\"inLanguage\":\"ro-RO\",\"potentialAction\":[{\"@type\":\"ReadAction\",\"target\":[\"https:\/\/www.pensiuneambient.ro\/ro\/why-international-womens-day-is-celebrated-on-march-8\/\"]}]},{\"@type\":[\"Person\"],\"@id\":\"https:\/\/www.pensiuneambient.ro\/ro\/#\/schema\/person\/1e0219cf4692911c050532257874b687\",\"name\":\"HotelsPerformanceHPd\"}]}<\/script>\n<!-- \/ Yoast SEO Premium plugin. -->","_links":{"self":[{"href":"https:\/\/www.pensiuneambient.ro\/ro\/wp-json\/wp\/v2\/posts\/7498","targetHints":{"allow":["GET"]}}],"collection":[{"href":"https:\/\/www.pensiuneambient.ro\/ro\/wp-json\/wp\/v2\/posts"}],"about":[{"href":"https:\/\/www.pensiuneambient.ro\/ro\/wp-json\/wp\/v2\/types\/post"}],"author":[{"embeddable":true,"href":"https:\/\/www.pensiuneambient.ro\/ro\/wp-json\/wp\/v2\/users\/2"}],"replies":[{"embeddable":true,"href":"https:\/\/www.pensiuneambient.ro\/ro\/wp-json\/wp\/v2\/comments?post=7498"}],"version-history":[{"count":5,"href":"https:\/\/www.pensiuneambient.ro\/ro\/wp-json\/wp\/v2\/posts\/7498\/revisions"}],"predecessor-version":[{"id":7611,"href":"https:\/\/www.pensiuneambient.ro\/ro\/wp-json\/wp\/v2\/posts\/7498\/revisions\/7611"}],"wp:featuredmedia":[{"embeddable":true,"href":"https:\/\/www.pensiuneambient.ro\/ro\/wp-json\/wp\/v2\/media\/7499"}],"wp:attachment":[{"href":"https:\/\/www.pensiuneambient.ro\/ro\/wp-json\/wp\/v2\/media?parent=7498"}],"wp:term":[{"taxonomy":"category","embeddable":true,"href":"https:\/\/www.pensiuneambient.ro\/ro\/wp-json\/wp\/v2\/categories?post=7498"},{"taxonomy":"post_tag","embeddable":true,"href":"https:\/\/www.pensiuneambient.ro\/ro\/wp-json\/wp\/v2\/tags?post=7498"},{"taxonomy":"yst_prominent_words","embeddable":true,"href":"https:\/\/www.pensiuneambient.ro\/ro\/wp-json\/wp\/v2\/yst_prominent_words?post=7498"}],"curies":[{"name":"wp","href":"https:\/\/api.w.org\/{rel}","templated":true}]}}