{"id":7628,"date":"2017-05-01T17:43:17","date_gmt":"2017-05-01T14:43:17","guid":{"rendered":"https:\/\/www.pensiuneambient.ro\/?p=7628"},"modified":"2017-05-01T21:23:13","modified_gmt":"2017-05-01T18:23:13","slug":"1st-may-international-labor-day","status":"publish","type":"post","link":"https:\/\/www.pensiuneambient.ro\/es\/1st-may-international-labor-day\/","title":{"rendered":"1st May, International Labor Day"},"content":{"rendered":"<p>Ambient Guest House es el lugar perfecto para celebrar un d\u00eda soleado lleno de sorpresas. En Brasov la fiesta contin\u00faa y el <a href=\"https:\/\/en.wikipedia.org\/wiki\/International_Workers%27_Day\"><strong>D\u00eda Internacional del Trabajo<\/strong> <\/a>se celebra al mismo tiempo con los D\u00edas de Brasov. Despu\u00e9s del memorable domingo cuando <a href=\"https:\/\/ro.wikipedia.org\/wiki\/Junii_Bra%C8%99oveni\"><strong>Junii Brasovului<\/strong><\/a> descendieron al viejo centro, hoy tenemos una nueva raz\u00f3n de alegr\u00eda y le invitamos a celebrarlo con nosotros.<\/p>\n<p>En Rumania, el D\u00eda Internacional del Trabajo fue celebrado por primera vez en 1980 por los socialistas. Durante el r\u00e9gimen comunista, el 1 de mayo, las autoridades organizaron manifestaciones en las calles principales. Los obreros, vestidos de fiesta, llevaban enormes banderas. Despu\u00e9s de 1990 se ha minimizado la importancia de la propaganda de este d\u00eda, pero la gente todav\u00eda disfruta de este evento y lo celebra al aire libre, en la hierba verde, en el mar o en la monta\u00f1a, con cervezas peque\u00f1as y otros platos deliciosos.<\/p>\n<p>En 2003, una confederaci\u00f3n sindical, intent\u00f3 organizar una reuni\u00f3n popular con cerveza y m\u00fasica para celebrar este d\u00eda.<\/p>\n<p>En Alemania, el 1 de mayo es un d\u00eda libre tambi\u00e9n. Se lleva una cinta roja en el pecho, en memoria del 1 de mayo de 1890, donde, a pesar de la prohibici\u00f3n de las demostraciones por Sozialistengesetz, los seguidores internacionales decidieron encontrarse en parques y usar esta cinta.<\/p>\n<p>En Suiza, Estados Unidos y Australia no es una celebraci\u00f3n oficial.<\/p>\n<p>Los trabajadores de todo el mundo se unen el 1 de mayo para protestar contra la explotaci\u00f3n, pero en cada pa\u00eds es diferente, dependiendo de las tradiciones propias de los movimientos nacionales. En la Uni\u00f3n Sovi\u00e9tica, la primera manifestaci\u00f3n del 1 de mayo tuvo lugar en 1917, en la Plaza Roja. En este lugar, en 1924, despu\u00e9s de la construcci\u00f3n del Mausoleo de Lenin, cientos de miles de trabajadores, conmemoran durante m\u00e1s de ocho d\u00e9cadas, a\u00f1o tras a\u00f1o, la Gran Revoluci\u00f3n Socialista de octubre.<\/p>\n<p>En los Estados Unidos en 1958, el presidente Dwight D. Eisenhower decidi\u00f3 que el 1 de mayo celebra el <strong>D\u00eda de la Fidelidad<\/strong> contra la tradici\u00f3n de la libertad americana. El objetivo era evitar la superposici\u00f3n de las festividades de los trabajadores estadounidenses con las de los pa\u00edses comunistas. En Estados Unidos, el D\u00eda de los Trabajadores se celebra en el primer mes de septiembre. Sin embargo, la principal significaci\u00f3n del evento no fue la fecha del olvido. En 2006, por ejemplo, los trabajadores inmigrantes mexicanos eligieron el 1 de mayo para desencadenar una revoluci\u00f3n general para cambiar las leyes laborales.<\/p>\n<p>Pero el <strong>1 de Mayo<\/strong> no es s\u00f3lo la fiesta de los comunistas y los trabajadores. Tiene una antigua tradici\u00f3n para los rumanos, bajo el nombre de Armindeni. &#8220;<strong>Arminden<\/strong>&#8221; es un s\u00edmbolo de vegetaci\u00f3n que protege los cultivos y los animales. Seg\u00fan la tradici\u00f3n, este d\u00eda tambi\u00e9n se llama el &#8220;d\u00eda del ajenjo&#8221; o &#8220;el d\u00eda del borracho&#8221; y representa el comienzo del verano. El Arminden se celebra por el fruto de la tierra, no por el granizo, por las plagas, por la salud del ganado, por el buen vino, por la gente sana, por la hierba verde, por el cordero, por la cuajada y el vino tinto con el ajenjo.<\/p>\n<p>\u00a1Estamos a vuestra disposici\u00f3n para regalarles un memorable 1 de mayo!<br \/>\nCon cari\u00f1o, Equipo Ambient<\/p>","protected":false},"excerpt":{"rendered":"<p>Ambient Guest House es el lugar perfecto para celebrar un d\u00eda soleado lleno de sorpresas. En Brasov la fiesta contin\u00faa [&hellip;]<\/p>\n","protected":false},"author":2,"featured_media":7629,"comment_status":"closed","ping_status":"open","sticky":false,"template":"","format":"standard","meta":{"footnotes":""},"categories":[67,55,3,66,68],"tags":[69],"yst_prominent_words":[],"class_list":["post-7628","post","type-post","status-publish","format-standard","has-post-thumbnail","hentry","category-1-mai","category-brasov","category-news","category-pensiunea-ambient","category-ziua-internationala-a-muncii","tag-international-labor-day"],"yoast_head":"<!-- This site is optimized with the Yoast SEO Premium plugin v14.0.2 - https:\/\/yoast.com\/wordpress\/plugins\/seo\/ -->\n<title>1st May, International Labor Day - Ambient Pension Brasov - Reserva al mejor precio las propriedades Ambient<\/title>\n<meta name=\"robots\" content=\"index, follow\" \/>\n<meta name=\"googlebot\" content=\"index, follow, max-snippet:-1, max-image-preview:large, max-video-preview:-1\" \/>\n<meta name=\"bingbot\" content=\"index, follow, max-snippet:-1, max-image-preview:large, max-video-preview:-1\" \/>\n<link rel=\"canonical\" href=\"https:\/\/www.pensiuneambient.ro\/de\/1st-may-international-labor-day\/\" \/>\n<meta property=\"og:locale\" content=\"es_ES\" \/>\n<meta property=\"og:type\" content=\"article\" \/>\n<meta property=\"og:title\" content=\"[:ro]1 Mai, Ziua Interna\u0163ional\u0103 a Muncii[:en]1st May, International Labor Day[:es]1st May, International Labor Day[:de]1 Mai Tag der Arbeit[:] - Ambient Pension Brasov - Reserva al mejor precio las propriedades Ambient\" \/>\n<meta property=\"og:description\" content=\"Ambient Guest House es el lugar perfecto para celebrar un d\u00eda soleado lleno de sorpresas. En Brasov la fiesta contin\u00faa [&hellip;]\" \/>\n<meta property=\"og:url\" content=\"https:\/\/www.pensiuneambient.ro\/de\/1st-may-international-labor-day\/\" \/>\n<meta property=\"og:site_name\" content=\"Ambient Pension Brasov - Reserva al mejor precio las propriedades Ambient\" \/>\n<meta property=\"article:published_time\" content=\"2017-05-01T14:43:17+00:00\" \/>\n<meta property=\"article:modified_time\" content=\"2017-05-01T18:23:13+00:00\" \/>\n<meta property=\"og:image\" content=\"https:\/\/www.pensiuneambient.ro\/wp-content\/uploads\/2017\/05\/1MaiPensiuneaAmbient.jpg\" \/>\n\t<meta property=\"og:image:width\" content=\"646\" \/>\n\t<meta property=\"og:image:height\" content=\"404\" \/>\n<meta name=\"twitter:card\" content=\"summary_large_image\" \/>\n<script type=\"application\/ld+json\" class=\"yoast-schema-graph\">{\"@context\":\"https:\/\/schema.org\",\"@graph\":[{\"@type\":\"WebSite\",\"@id\":\"https:\/\/www.pensiuneambient.ro\/es\/#website\",\"url\":\"https:\/\/www.pensiuneambient.ro\/es\/\",\"name\":\"Ambient Pension Brasov - Reserva al mejor precio las propriedades Ambient\",\"description\":\"Site Oficial\",\"potentialAction\":[{\"@type\":\"SearchAction\",\"target\":\"https:\/\/www.pensiuneambient.ro\/es\/?s={search_term_string}\",\"query-input\":\"required name=search_term_string\"}],\"inLanguage\":\"es\"},{\"@type\":\"ImageObject\",\"@id\":\"https:\/\/www.pensiuneambient.ro\/de\/1st-may-international-labor-day\/#primaryimage\",\"inLanguage\":\"es\",\"url\":\"https:\/\/www.pensiuneambient.ro\/wp-content\/uploads\/2017\/05\/1MaiPensiuneaAmbient.jpg\",\"width\":646,\"height\":404},{\"@type\":\"WebPage\",\"@id\":\"https:\/\/www.pensiuneambient.ro\/de\/1st-may-international-labor-day\/#webpage\",\"url\":\"https:\/\/www.pensiuneambient.ro\/de\/1st-may-international-labor-day\/\",\"name\":\"[:ro]1 Mai, Ziua Interna\\u0163ional\\u0103 a Muncii[:en]1st May, International Labor Day[:es]1st May, International Labor Day[:de]1 Mai Tag der Arbeit[:] - Ambient Pension Brasov - Reserva al mejor precio las propriedades Ambient\",\"isPartOf\":{\"@id\":\"https:\/\/www.pensiuneambient.ro\/es\/#website\"},\"primaryImageOfPage\":{\"@id\":\"https:\/\/www.pensiuneambient.ro\/de\/1st-may-international-labor-day\/#primaryimage\"},\"datePublished\":\"2017-05-01T14:43:17+00:00\",\"dateModified\":\"2017-05-01T18:23:13+00:00\",\"author\":{\"@id\":\"https:\/\/www.pensiuneambient.ro\/es\/#\/schema\/person\/1e0219cf4692911c050532257874b687\"},\"inLanguage\":\"es\",\"potentialAction\":[{\"@type\":\"ReadAction\",\"target\":[\"https:\/\/www.pensiuneambient.ro\/de\/1st-may-international-labor-day\/\"]}]},{\"@type\":[\"Person\"],\"@id\":\"https:\/\/www.pensiuneambient.ro\/es\/#\/schema\/person\/1e0219cf4692911c050532257874b687\",\"name\":\"HotelsPerformanceHPd\"}]}<\/script>\n<!-- \/ Yoast SEO Premium plugin. -->","_links":{"self":[{"href":"https:\/\/www.pensiuneambient.ro\/es\/wp-json\/wp\/v2\/posts\/7628","targetHints":{"allow":["GET"]}}],"collection":[{"href":"https:\/\/www.pensiuneambient.ro\/es\/wp-json\/wp\/v2\/posts"}],"about":[{"href":"https:\/\/www.pensiuneambient.ro\/es\/wp-json\/wp\/v2\/types\/post"}],"author":[{"embeddable":true,"href":"https:\/\/www.pensiuneambient.ro\/es\/wp-json\/wp\/v2\/users\/2"}],"replies":[{"embeddable":true,"href":"https:\/\/www.pensiuneambient.ro\/es\/wp-json\/wp\/v2\/comments?post=7628"}],"version-history":[{"count":7,"href":"https:\/\/www.pensiuneambient.ro\/es\/wp-json\/wp\/v2\/posts\/7628\/revisions"}],"predecessor-version":[{"id":7636,"href":"https:\/\/www.pensiuneambient.ro\/es\/wp-json\/wp\/v2\/posts\/7628\/revisions\/7636"}],"wp:featuredmedia":[{"embeddable":true,"href":"https:\/\/www.pensiuneambient.ro\/es\/wp-json\/wp\/v2\/media\/7629"}],"wp:attachment":[{"href":"https:\/\/www.pensiuneambient.ro\/es\/wp-json\/wp\/v2\/media?parent=7628"}],"wp:term":[{"taxonomy":"category","embeddable":true,"href":"https:\/\/www.pensiuneambient.ro\/es\/wp-json\/wp\/v2\/categories?post=7628"},{"taxonomy":"post_tag","embeddable":true,"href":"https:\/\/www.pensiuneambient.ro\/es\/wp-json\/wp\/v2\/tags?post=7628"},{"taxonomy":"yst_prominent_words","embeddable":true,"href":"https:\/\/www.pensiuneambient.ro\/es\/wp-json\/wp\/v2\/yst_prominent_words?post=7628"}],"curies":[{"name":"wp","href":"https:\/\/api.w.org\/{rel}","templated":true}]}}