{"id":7498,"date":"2017-03-07T01:49:02","date_gmt":"2017-03-06T23:49:02","guid":{"rendered":"http:\/\/www.pensiuneambient.ro\/?p=7498"},"modified":"2017-04-12T00:34:45","modified_gmt":"2017-04-11T21:34:45","slug":"why-international-womens-day-is-celebrated-on-march-8","status":"publish","type":"post","link":"https:\/\/www.pensiuneambient.ro\/es\/why-international-womens-day-is-celebrated-on-march-8\/","title":{"rendered":"\u00bfPor qu\u00e9 se celebra el D\u00eda Internacional de la Mujer el 8 de Marzo?"},"content":{"rendered":"<p>Vamos a conocer la historia detr\u00e1s de este d\u00eda tan importante!<\/p>\n<p><strong>Cronolog\u00eda de la celebraci\u00f3n del D\u00eda de la Mujer<\/strong><\/p>\n<p>Para tener una idea clara del origen hist\u00f3rico de esta fiesta es necesario tener en mente varias fechas importantes:<\/p>\n<p>1909: Celebraci\u00f3n del D\u00eda Nacional de la Mujer en EE.UU.<br \/>\nTras la declaraci\u00f3n del Partido Socialista de los Estados Unidos en apoyo la huelga de 1908, los trabajadores del sector textil protestaron contra malas condiciones de trabajo y el 28 de febrero se celebr\u00f3 en todo el pa\u00eds el primer D\u00eda Nacional de la Mujer. Hasta el a\u00f1o 1913 se celebro el &#8220;D\u00eda Nacional&#8221;, el \u00faltimo domingo de cada mes de febrero.<\/p>\n<p>1910: Proclamacion del D\u00eda Internacional de la Mujer Trabajadora<br \/>\nEn 1910, la Segunda Conferencia Internacional de Mujeres Socialistas en Copenhague reuni\u00f3 a propuesta por Clara Zetkin, fue proclamada sin una fecha espec\u00edfica, la celebraci\u00f3n del D\u00eda Internacional de la Mujer Trabajadora.<\/p>\n<p>1911: La primera celebraci\u00f3n del D\u00eda Internacional de la Mujer Trabajadora y los incendios de la f\u00e1brica de camisetas Triangle Shirtwaist en Nueva York.<br \/>\nLa primera Celebraci\u00f3n de la historia del Dia de la Mujer, ha sido llamada: el D\u00eda Internacional de la Mujer Trabajadora. Se llev\u00f3 a cabo el 19 de marzo de 1911 en Alemania, Austria, Dinamarca y Suiza.<\/p>\n<p>Poco despu\u00e9s, el 25 de marzo, se produjo un incendio en la f\u00e1brica de camisas Triangle Shirtwaist de Nueva York. El tr\u00e1gico incendio mat\u00f3 a 146 trabajadoras, en su mayor\u00eda inmigrantes italianas y judias, debido a las p\u00e9simas condiciones de seguridad.<\/p>\n<p>1917: D\u00eda Internacional de la Mujer en la Uni\u00f3n Sovi\u00e9tica<br \/>\nEl 8 de marzo (calendario gregoriano) y 23 de febrero (calendario juliano) de 1917 tambi\u00e9n fue un d\u00eda importante en la historia de los derechos de la mujer. Despu\u00e9s de la revoluci\u00f3n de octubre, cuatro d\u00edas despu\u00e9s el Zar se vio obligado a abdicar el gobierno provisional y concedi\u00f3 a las mujeres el derecho al voto. Y por primera vez en la historia, se ha aprobado el divorcio y el aborto legal y dijo que el 8 de marzo es considerado un d\u00eda de fiesta oficial en la Uni\u00f3n Sovi\u00e9tica.<\/p>\n<p>8 de marzo: <a href=\"https:\/\/en.wikipedia.org\/wiki\/International_Women's_Day\"><strong>D\u00eda Internacional de la Mujer<\/strong><\/a><br \/>\nEl D\u00eda Internacional de la Mujer es un d\u00eda de lucha por los derechos de la mujer. Es el d\u00eda de los avances en la igualdad de g\u00e9nero, que al mismo tiempo refleja la &#8220;necesidad&#8221; o todo lo que todav\u00eda se necesita para erradicar la desigualdad entre hombres y mujeres.<\/p>\n<p>Pensi\u00f3n Ambient invita a todas las mujeres, solas o en compa\u00f1\u00eda, a celebrar un memorable 8 de Marzo, en una ciudad de ensue\u00f1o y les garantiza una estancia \u00fanica y un sue\u00f1o suave, en las m\u00e1s c\u00f3modas habitaciones, despu\u00e9s de las fiestas mas felices.<\/p>","protected":false},"excerpt":{"rendered":"<p>Vamos a conocer la historia detr\u00e1s de este d\u00eda tan importante! Cronolog\u00eda de la celebraci\u00f3n del D\u00eda de la Mujer [&hellip;]<\/p>\n","protected":false},"author":2,"featured_media":7499,"comment_status":"closed","ping_status":"open","sticky":false,"template":"","format":"standard","meta":{"footnotes":""},"categories":[55,50,60,44],"tags":[61],"yst_prominent_words":[],"class_list":["post-7498","post","type-post","status-publish","format-standard","has-post-thumbnail","hentry","category-brasov","category-events","category-international-womens-day","category-pensiune-ambient","tag-march-8"],"yoast_head":"<!-- This site is optimized with the Yoast SEO Premium plugin v14.0.2 - https:\/\/yoast.com\/wordpress\/plugins\/seo\/ -->\n<title>\u00bfPor qu\u00e9 se celebra el D\u00eda Internacional de la Mujer el 8 de Marzo? - Ambient Pension Brasov - Reserva al mejor precio las propriedades Ambient<\/title>\n<meta name=\"robots\" content=\"index, follow\" \/>\n<meta name=\"googlebot\" content=\"index, follow, max-snippet:-1, max-image-preview:large, max-video-preview:-1\" \/>\n<meta name=\"bingbot\" content=\"index, follow, max-snippet:-1, max-image-preview:large, max-video-preview:-1\" \/>\n<link rel=\"canonical\" href=\"https:\/\/www.pensiuneambient.ro\/ro\/why-international-womens-day-is-celebrated-on-march-8\/\" \/>\n<meta property=\"og:locale\" content=\"es_ES\" \/>\n<meta property=\"og:type\" content=\"article\" \/>\n<meta property=\"og:title\" content=\"[:ro]De ce Ziua Interna\u021bional\u0103 a Femeii este s\u0103rb\u0103torita la 8 Martie?[:en]Why International Women&#039;s Day is celebrated on March 8?[:es]\u00bfPor qu\u00e9 se celebra el D\u00eda Internacional de la Mujer el 8 de Marzo?[:de]Warum wird der internationale Frauentag am 8. M\u00e4rz gefeiert?[:] - Ambient Pension Brasov - Reserva al mejor precio las propriedades Ambient\" \/>\n<meta property=\"og:description\" content=\"Vamos a conocer la historia detr\u00e1s de este d\u00eda tan importante! Cronolog\u00eda de la celebraci\u00f3n del D\u00eda de la Mujer [&hellip;]\" \/>\n<meta property=\"og:url\" content=\"https:\/\/www.pensiuneambient.ro\/ro\/why-international-womens-day-is-celebrated-on-march-8\/\" \/>\n<meta property=\"og:site_name\" content=\"Ambient Pension Brasov - Reserva al mejor precio las propriedades Ambient\" \/>\n<meta property=\"article:published_time\" content=\"2017-03-06T23:49:02+00:00\" \/>\n<meta property=\"article:modified_time\" content=\"2017-04-11T21:34:45+00:00\" \/>\n<meta property=\"og:image\" content=\"https:\/\/www.pensiuneambient.ro\/wp-content\/uploads\/2017\/03\/NewsPensiuneaAmbient.png\" \/>\n\t<meta property=\"og:image:width\" content=\"768\" \/>\n\t<meta property=\"og:image:height\" content=\"433\" \/>\n<meta name=\"twitter:card\" content=\"summary_large_image\" \/>\n<script type=\"application\/ld+json\" class=\"yoast-schema-graph\">{\"@context\":\"https:\/\/schema.org\",\"@graph\":[{\"@type\":\"WebSite\",\"@id\":\"https:\/\/www.pensiuneambient.ro\/es\/#website\",\"url\":\"https:\/\/www.pensiuneambient.ro\/es\/\",\"name\":\"Ambient Pension Brasov - Reserva al mejor precio las propriedades Ambient\",\"description\":\"Site Oficial\",\"potentialAction\":[{\"@type\":\"SearchAction\",\"target\":\"https:\/\/www.pensiuneambient.ro\/es\/?s={search_term_string}\",\"query-input\":\"required name=search_term_string\"}],\"inLanguage\":\"es\"},{\"@type\":\"ImageObject\",\"@id\":\"https:\/\/www.pensiuneambient.ro\/ro\/why-international-womens-day-is-celebrated-on-march-8\/#primaryimage\",\"inLanguage\":\"es\",\"url\":\"https:\/\/www.pensiuneambient.ro\/wp-content\/uploads\/2017\/03\/NewsPensiuneaAmbient.png\",\"width\":768,\"height\":433},{\"@type\":\"WebPage\",\"@id\":\"https:\/\/www.pensiuneambient.ro\/ro\/why-international-womens-day-is-celebrated-on-march-8\/#webpage\",\"url\":\"https:\/\/www.pensiuneambient.ro\/ro\/why-international-womens-day-is-celebrated-on-march-8\/\",\"name\":\"[:ro]De ce Ziua Interna\\u021bional\\u0103 a Femeii este s\\u0103rb\\u0103torita la 8 Martie?[:en]Why International Women's Day is celebrated on March 8?[:es]\\u00bfPor qu\\u00e9 se celebra el D\\u00eda Internacional de la Mujer el 8 de Marzo?[:de]Warum wird der internationale Frauentag am 8. M\\u00e4rz gefeiert?[:] - Ambient Pension Brasov - Reserva al mejor precio las propriedades Ambient\",\"isPartOf\":{\"@id\":\"https:\/\/www.pensiuneambient.ro\/es\/#website\"},\"primaryImageOfPage\":{\"@id\":\"https:\/\/www.pensiuneambient.ro\/ro\/why-international-womens-day-is-celebrated-on-march-8\/#primaryimage\"},\"datePublished\":\"2017-03-06T23:49:02+00:00\",\"dateModified\":\"2017-04-11T21:34:45+00:00\",\"author\":{\"@id\":\"https:\/\/www.pensiuneambient.ro\/es\/#\/schema\/person\/1e0219cf4692911c050532257874b687\"},\"inLanguage\":\"es\",\"potentialAction\":[{\"@type\":\"ReadAction\",\"target\":[\"https:\/\/www.pensiuneambient.ro\/ro\/why-international-womens-day-is-celebrated-on-march-8\/\"]}]},{\"@type\":[\"Person\"],\"@id\":\"https:\/\/www.pensiuneambient.ro\/es\/#\/schema\/person\/1e0219cf4692911c050532257874b687\",\"name\":\"HotelsPerformanceHPd\"}]}<\/script>\n<!-- \/ Yoast SEO Premium plugin. -->","_links":{"self":[{"href":"https:\/\/www.pensiuneambient.ro\/es\/wp-json\/wp\/v2\/posts\/7498","targetHints":{"allow":["GET"]}}],"collection":[{"href":"https:\/\/www.pensiuneambient.ro\/es\/wp-json\/wp\/v2\/posts"}],"about":[{"href":"https:\/\/www.pensiuneambient.ro\/es\/wp-json\/wp\/v2\/types\/post"}],"author":[{"embeddable":true,"href":"https:\/\/www.pensiuneambient.ro\/es\/wp-json\/wp\/v2\/users\/2"}],"replies":[{"embeddable":true,"href":"https:\/\/www.pensiuneambient.ro\/es\/wp-json\/wp\/v2\/comments?post=7498"}],"version-history":[{"count":5,"href":"https:\/\/www.pensiuneambient.ro\/es\/wp-json\/wp\/v2\/posts\/7498\/revisions"}],"predecessor-version":[{"id":7611,"href":"https:\/\/www.pensiuneambient.ro\/es\/wp-json\/wp\/v2\/posts\/7498\/revisions\/7611"}],"wp:featuredmedia":[{"embeddable":true,"href":"https:\/\/www.pensiuneambient.ro\/es\/wp-json\/wp\/v2\/media\/7499"}],"wp:attachment":[{"href":"https:\/\/www.pensiuneambient.ro\/es\/wp-json\/wp\/v2\/media?parent=7498"}],"wp:term":[{"taxonomy":"category","embeddable":true,"href":"https:\/\/www.pensiuneambient.ro\/es\/wp-json\/wp\/v2\/categories?post=7498"},{"taxonomy":"post_tag","embeddable":true,"href":"https:\/\/www.pensiuneambient.ro\/es\/wp-json\/wp\/v2\/tags?post=7498"},{"taxonomy":"yst_prominent_words","embeddable":true,"href":"https:\/\/www.pensiuneambient.ro\/es\/wp-json\/wp\/v2\/yst_prominent_words?post=7498"}],"curies":[{"name":"wp","href":"https:\/\/api.w.org\/{rel}","templated":true}]}}