{"id":7498,"date":"2017-03-07T01:49:02","date_gmt":"2017-03-06T23:49:02","guid":{"rendered":"http:\/\/www.pensiuneambient.ro\/?p=7498"},"modified":"2017-04-12T00:34:45","modified_gmt":"2017-04-11T21:34:45","slug":"why-international-womens-day-is-celebrated-on-march-8","status":"publish","type":"post","link":"https:\/\/www.pensiuneambient.ro\/de\/why-international-womens-day-is-celebrated-on-march-8\/","title":{"rendered":"Warum wird der internationale Frauentag am 8. M\u00e4rz gefeiert?"},"content":{"rendered":"<p>Lasst uns die Geschichte hinter diesem wichtigen Tag kennenlernen!<\/p>\n<p><strong>Chronologie der Feier des Frauen-Tages<\/strong><\/p>\n<p>Um eine klare Vorstellung von der historischen Herkunft dieser Partei zu bekommen, ist es notwendig, einige wichtige Termine zu beachten:<\/p>\n<p>1909: Feier des Nationalen Frauentages in den USA<\/p>\n<p>Nach der Erkl\u00e4rung der Sozialdemokratischen Partei der Vereinigten Staaten zur Unterst\u00fctzung des Streiks von 1908 protestierten Textilarbeiter gegen schlechte Arbeitsbedingungen und am 28. Februar wurde der erste Nationalfragtag bundesweit abgehalten. Bis 1913 wurde der &#8220;Nationalfeiertag&#8221; gefeiert, der letzte Sonntag eines jeden Monats Februar.<\/p>\n<p>1910: Proklamation des Internationalen Tages der arbeitenden Frauen<br \/>\nIm Jahr 1910 traf sich die zweite Internationale Konferenz der sozialistischen Frauen in Kopenhagen auf Vorschlag von Clara Zetkin, wurde ohne einen bestimmten Termin, die Feier des Internationalen Tages der arbeitenden Frauen, verk\u00fcndet.<\/p>\n<p>1911: Die erste Feier des Internationalen Arbeitstages und die Feuer der Dreieck-Shirtwaist-T-Shirt-Fabrik in New York. Die erste Feier der Geschichte des Frauentages hei\u00dft: der Internationale Tag der arbeitenden Frauen. Es fand am 19. M\u00e4rz 1911 in Deutschland, \u00d6sterreich, D\u00e4nemark und der Schweiz statt.<\/p>\n<p>Kurz darauf, am 25. M\u00e4rz, brach ein Feuer in der Triangle Shirtwaist Shirts Fabrik in New York aus. Das tragische Feuer t\u00f6tete 146 Arbeiter, meistens italienische und j\u00fcdische Einwanderer wegen schlechter Sicherheitsbedingungen.<br \/>\n1917: International Women&#8217;s Day in the Soviet Union<\/p>\n<p>Der 8. M\u00e4rz (Gregorianischer Kalender) und der 23. Februar (Julianischer Kalender) von 1917 war auch ein wichtiger Tag in der Geschichte der Frauenrechte. Nach der Oktoberrevolution wurde der Zar vier Tage sp\u00e4ter gezwungen, die provisorische Regierung abzutreten und den Frauen das Wahlrecht zu gew\u00e4hren. Und zum ersten Mal in der Geschichte, Scheidung und legale Abtreibung wurden genehmigt und sagte 8. M\u00e4rz gilt als offizieller Urlaub in der Sowjetunion.<\/p>\n<p>8 M\u00e4rz: <strong><a href=\"https:\/\/en.wikipedia.org\/wiki\/International_Women's_Day\">Internationaler Frauentag<br \/>\n<\/a><\/strong><\/p>\n<p>Internationaler Frauentag ist ein Tag des Kampfes f\u00fcr die Rechte der Frauen. Es ist der Tag des Fortschritts in der Gleichstellung der Geschlechter, der zugleich das &#8220;Bed\u00fcrfnis&#8221; oder alles, was noch notwendig ist, um die Ungleichheit zwischen M\u00e4nnern und Frauen zu beseitigen, widerspiegelt.<\/p>\n<p>Ambient Guest House l\u00e4dt alle Frauen ein, allein oder in Gesellschaft, um einen unvergesslichen 8. M\u00e4rz in einer Traumstadt zu feiern und garantiert einen einzigartigen Aufenthalt und einen sanften Traum in den komfortabelsten Zimmern nach den sch\u00f6nsten Ferien.<\/p>","protected":false},"excerpt":{"rendered":"<p>Lasst uns die Geschichte hinter diesem wichtigen Tag kennenlernen! Chronologie der Feier des Frauen-Tages Um eine klare Vorstellung von der [&hellip;]<\/p>\n","protected":false},"author":2,"featured_media":7499,"comment_status":"closed","ping_status":"open","sticky":false,"template":"","format":"standard","meta":{"footnotes":""},"categories":[55,50,60,44],"tags":[61],"yst_prominent_words":[],"class_list":["post-7498","post","type-post","status-publish","format-standard","has-post-thumbnail","hentry","category-brasov","category-events","category-international-womens-day","category-pensiune-ambient","tag-march-8"],"yoast_head":"<!-- This site is optimized with the Yoast SEO Premium plugin v14.0.2 - https:\/\/yoast.com\/wordpress\/plugins\/seo\/ -->\n<title>Warum wird der internationale Frauentag am 8. M\u00e4rz gefeiert? - Ambient Pension - Brasov (Rum\u00e4nien) - Buchen Sie zum besten Preis<\/title>\n<meta name=\"robots\" content=\"index, follow\" \/>\n<meta name=\"googlebot\" content=\"index, follow, max-snippet:-1, max-image-preview:large, max-video-preview:-1\" \/>\n<meta name=\"bingbot\" content=\"index, follow, max-snippet:-1, max-image-preview:large, max-video-preview:-1\" \/>\n<link rel=\"canonical\" href=\"https:\/\/www.pensiuneambient.ro\/ro\/why-international-womens-day-is-celebrated-on-march-8\/\" \/>\n<meta property=\"og:locale\" content=\"de_DE\" \/>\n<meta property=\"og:type\" content=\"article\" \/>\n<meta property=\"og:title\" content=\"[:ro]De ce Ziua Interna\u021bional\u0103 a Femeii este s\u0103rb\u0103torita la 8 Martie?[:en]Why International Women&#039;s Day is celebrated on March 8?[:es]\u00bfPor qu\u00e9 se celebra el D\u00eda Internacional de la Mujer el 8 de Marzo?[:de]Warum wird der internationale Frauentag am 8. M\u00e4rz gefeiert?[:] - Ambient Pension - Brasov (Rum\u00e4nien) - Buchen Sie zum besten Preis\" \/>\n<meta property=\"og:description\" content=\"Lasst uns die Geschichte hinter diesem wichtigen Tag kennenlernen! Chronologie der Feier des Frauen-Tages Um eine klare Vorstellung von der [&hellip;]\" \/>\n<meta property=\"og:url\" content=\"https:\/\/www.pensiuneambient.ro\/ro\/why-international-womens-day-is-celebrated-on-march-8\/\" \/>\n<meta property=\"og:site_name\" content=\"Ambient Pension - Brasov (Rum\u00e4nien) - Buchen Sie zum besten Preis\" \/>\n<meta property=\"article:published_time\" content=\"2017-03-06T23:49:02+00:00\" \/>\n<meta property=\"article:modified_time\" content=\"2017-04-11T21:34:45+00:00\" \/>\n<meta property=\"og:image\" content=\"https:\/\/www.pensiuneambient.ro\/wp-content\/uploads\/2017\/03\/NewsPensiuneaAmbient.png\" \/>\n\t<meta property=\"og:image:width\" content=\"768\" \/>\n\t<meta property=\"og:image:height\" content=\"433\" \/>\n<meta name=\"twitter:card\" content=\"summary_large_image\" \/>\n<script type=\"application\/ld+json\" class=\"yoast-schema-graph\">{\"@context\":\"https:\/\/schema.org\",\"@graph\":[{\"@type\":\"WebSite\",\"@id\":\"https:\/\/www.pensiuneambient.ro\/de\/#website\",\"url\":\"https:\/\/www.pensiuneambient.ro\/de\/\",\"name\":\"Ambient Pension - Brasov (Rum\\u00e4nien) - Buchen Sie zum besten Preis\",\"description\":\"Offizielle Seite\",\"potentialAction\":[{\"@type\":\"SearchAction\",\"target\":\"https:\/\/www.pensiuneambient.ro\/de\/?s={search_term_string}\",\"query-input\":\"required name=search_term_string\"}],\"inLanguage\":\"de\"},{\"@type\":\"ImageObject\",\"@id\":\"https:\/\/www.pensiuneambient.ro\/ro\/why-international-womens-day-is-celebrated-on-march-8\/#primaryimage\",\"inLanguage\":\"de\",\"url\":\"https:\/\/www.pensiuneambient.ro\/wp-content\/uploads\/2017\/03\/NewsPensiuneaAmbient.png\",\"width\":768,\"height\":433},{\"@type\":\"WebPage\",\"@id\":\"https:\/\/www.pensiuneambient.ro\/ro\/why-international-womens-day-is-celebrated-on-march-8\/#webpage\",\"url\":\"https:\/\/www.pensiuneambient.ro\/ro\/why-international-womens-day-is-celebrated-on-march-8\/\",\"name\":\"[:ro]De ce Ziua Interna\\u021bional\\u0103 a Femeii este s\\u0103rb\\u0103torita la 8 Martie?[:en]Why International Women's Day is celebrated on March 8?[:es]\\u00bfPor qu\\u00e9 se celebra el D\\u00eda Internacional de la Mujer el 8 de Marzo?[:de]Warum wird der internationale Frauentag am 8. M\\u00e4rz gefeiert?[:] - Ambient Pension - Brasov (Rum\\u00e4nien) - Buchen Sie zum besten Preis\",\"isPartOf\":{\"@id\":\"https:\/\/www.pensiuneambient.ro\/de\/#website\"},\"primaryImageOfPage\":{\"@id\":\"https:\/\/www.pensiuneambient.ro\/ro\/why-international-womens-day-is-celebrated-on-march-8\/#primaryimage\"},\"datePublished\":\"2017-03-06T23:49:02+00:00\",\"dateModified\":\"2017-04-11T21:34:45+00:00\",\"author\":{\"@id\":\"https:\/\/www.pensiuneambient.ro\/de\/#\/schema\/person\/1e0219cf4692911c050532257874b687\"},\"inLanguage\":\"de\",\"potentialAction\":[{\"@type\":\"ReadAction\",\"target\":[\"https:\/\/www.pensiuneambient.ro\/ro\/why-international-womens-day-is-celebrated-on-march-8\/\"]}]},{\"@type\":[\"Person\"],\"@id\":\"https:\/\/www.pensiuneambient.ro\/de\/#\/schema\/person\/1e0219cf4692911c050532257874b687\",\"name\":\"HotelsPerformanceHPd\"}]}<\/script>\n<!-- \/ Yoast SEO Premium plugin. -->","_links":{"self":[{"href":"https:\/\/www.pensiuneambient.ro\/de\/wp-json\/wp\/v2\/posts\/7498","targetHints":{"allow":["GET"]}}],"collection":[{"href":"https:\/\/www.pensiuneambient.ro\/de\/wp-json\/wp\/v2\/posts"}],"about":[{"href":"https:\/\/www.pensiuneambient.ro\/de\/wp-json\/wp\/v2\/types\/post"}],"author":[{"embeddable":true,"href":"https:\/\/www.pensiuneambient.ro\/de\/wp-json\/wp\/v2\/users\/2"}],"replies":[{"embeddable":true,"href":"https:\/\/www.pensiuneambient.ro\/de\/wp-json\/wp\/v2\/comments?post=7498"}],"version-history":[{"count":5,"href":"https:\/\/www.pensiuneambient.ro\/de\/wp-json\/wp\/v2\/posts\/7498\/revisions"}],"predecessor-version":[{"id":7611,"href":"https:\/\/www.pensiuneambient.ro\/de\/wp-json\/wp\/v2\/posts\/7498\/revisions\/7611"}],"wp:featuredmedia":[{"embeddable":true,"href":"https:\/\/www.pensiuneambient.ro\/de\/wp-json\/wp\/v2\/media\/7499"}],"wp:attachment":[{"href":"https:\/\/www.pensiuneambient.ro\/de\/wp-json\/wp\/v2\/media?parent=7498"}],"wp:term":[{"taxonomy":"category","embeddable":true,"href":"https:\/\/www.pensiuneambient.ro\/de\/wp-json\/wp\/v2\/categories?post=7498"},{"taxonomy":"post_tag","embeddable":true,"href":"https:\/\/www.pensiuneambient.ro\/de\/wp-json\/wp\/v2\/tags?post=7498"},{"taxonomy":"yst_prominent_words","embeddable":true,"href":"https:\/\/www.pensiuneambient.ro\/de\/wp-json\/wp\/v2\/yst_prominent_words?post=7498"}],"curies":[{"name":"wp","href":"https:\/\/api.w.org\/{rel}","templated":true}]}}